{"id":4188,"date":"2018-05-21T14:06:25","date_gmt":"2018-05-21T17:06:25","guid":{"rendered":"http:\/\/web.ifac.edu.br\/reitora\/?p=4188"},"modified":"2018-05-21T14:16:09","modified_gmt":"2018-05-21T17:16:09","slug":"breve-documentario-campus-sena-madureira","status":"publish","type":"post","link":"https:\/\/web.ifac.edu.br\/reitora\/2018\/05\/21\/breve-documentario-campus-sena-madureira\/","title":{"rendered":"Breve document\u00e1rio &#8211; &#8220;Campus Sena Madureira&#8221;"},"content":{"rendered":"<p>Confira o v\u00eddeo produzido pela Diretoria de Comunica\u00e7\u00e3o do Ifac, que conta a hist\u00f3ria do campus Sena Madureira, atrav\u00e9s do resgate hist\u00f3rico de imagens e depoimentos de servidores, alunos e ex-alunos da institui\u00e7\u00e3o, assim como tamb\u00e9m apresenta a atual estrutura da sede definitiva no munic\u00edpio.<\/p>\n<p>O material foi apresentado no dia 10 de maio de 2018, durante cerim\u00f4nia de inaugura\u00e7\u00e3o do campus Sena Madureira. Acesse:\u00a0 https:\/\/youtu.be\/gFN4R304sYg<\/p>\n<p><a href=\"https:\/\/youtu.be\/gFN4R304sYg\"><img fetchpriority=\"high\" decoding=\"async\" class=\"alignnone size-full wp-image-4192\" src=\"http:\/\/web.ifac.edu.br\/reitora\/wp-content\/uploads\/sites\/30\/2018\/05\/senamamdureira_nova.png\" alt=\"\" width=\"873\" height=\"495\" srcset=\"https:\/\/web.ifac.edu.br\/reitora\/wp-content\/uploads\/sites\/30\/2018\/05\/senamamdureira_nova.png 873w, https:\/\/web.ifac.edu.br\/reitora\/wp-content\/uploads\/sites\/30\/2018\/05\/senamamdureira_nova-300x170.png 300w, https:\/\/web.ifac.edu.br\/reitora\/wp-content\/uploads\/sites\/30\/2018\/05\/senamamdureira_nova-768x435.png 768w, https:\/\/web.ifac.edu.br\/reitora\/wp-content\/uploads\/sites\/30\/2018\/05\/senamamdureira_nova-624x354.png 624w\" sizes=\"(max-width: 873px) 100vw, 873px\" \/><\/a><\/p>\n<p>&nbsp;<\/p>\n","protected":false},"excerpt":{"rendered":"<p>Confira o v\u00eddeo produzido pela Diretoria de Comunica\u00e7\u00e3o do Ifac, que conta a hist\u00f3ria do campus Sena Madureira, atrav\u00e9s do resgate hist\u00f3rico de imagens e depoimentos de servidores, alunos e ex-alunos da institui\u00e7\u00e3o, assim como tamb\u00e9m apresenta a atual estrutura da sede definitiva no munic\u00edpio. O material foi apresentado no dia 10 de maio de [&hellip;]<\/p>\n","protected":false},"author":15,"featured_media":0,"comment_status":"closed","ping_status":"open","sticky":false,"template":"","format":"standard","meta":{"footnotes":""},"categories":[2],"tags":[10],"class_list":["post-4188","post","type-post","status-publish","format-standard","hentry","category-noticias","tag-sena-madureira"],"_links":{"self":[{"href":"https:\/\/web.ifac.edu.br\/reitora\/wp-json\/wp\/v2\/posts\/4188","targetHints":{"allow":["GET"]}}],"collection":[{"href":"https:\/\/web.ifac.edu.br\/reitora\/wp-json\/wp\/v2\/posts"}],"about":[{"href":"https:\/\/web.ifac.edu.br\/reitora\/wp-json\/wp\/v2\/types\/post"}],"author":[{"embeddable":true,"href":"https:\/\/web.ifac.edu.br\/reitora\/wp-json\/wp\/v2\/users\/15"}],"replies":[{"embeddable":true,"href":"https:\/\/web.ifac.edu.br\/reitora\/wp-json\/wp\/v2\/comments?post=4188"}],"version-history":[{"count":0,"href":"https:\/\/web.ifac.edu.br\/reitora\/wp-json\/wp\/v2\/posts\/4188\/revisions"}],"wp:attachment":[{"href":"https:\/\/web.ifac.edu.br\/reitora\/wp-json\/wp\/v2\/media?parent=4188"}],"wp:term":[{"taxonomy":"category","embeddable":true,"href":"https:\/\/web.ifac.edu.br\/reitora\/wp-json\/wp\/v2\/categories?post=4188"},{"taxonomy":"post_tag","embeddable":true,"href":"https:\/\/web.ifac.edu.br\/reitora\/wp-json\/wp\/v2\/tags?post=4188"}],"curies":[{"name":"wp","href":"https:\/\/api.w.org\/{rel}","templated":true}]}}