{"id":4185,"date":"2018-05-21T14:01:17","date_gmt":"2018-05-21T17:01:17","guid":{"rendered":"http:\/\/web.ifac.edu.br\/reitora\/?p=4185"},"modified":"2018-05-21T14:02:05","modified_gmt":"2018-05-21T17:02:05","slug":"entrevista-para-o-programa-boa-noite-rio-branco","status":"publish","type":"post","link":"https:\/\/web.ifac.edu.br\/reitora\/2018\/05\/21\/entrevista-para-o-programa-boa-noite-rio-branco\/","title":{"rendered":"Entrevista para o Programa Boa Noite Rio Branco"},"content":{"rendered":"<p><img fetchpriority=\"high\" decoding=\"async\" class=\"alignnone size-large wp-image-4186\" src=\"http:\/\/web.ifac.edu.br\/reitora\/wp-content\/uploads\/sites\/30\/2018\/05\/WhatsApp-Image-2018-05-16-at-21.03.07-1024x766.jpeg\" alt=\"\" width=\"625\" height=\"468\" srcset=\"https:\/\/web.ifac.edu.br\/reitora\/wp-content\/uploads\/sites\/30\/2018\/05\/WhatsApp-Image-2018-05-16-at-21.03.07-1024x766.jpeg 1024w, https:\/\/web.ifac.edu.br\/reitora\/wp-content\/uploads\/sites\/30\/2018\/05\/WhatsApp-Image-2018-05-16-at-21.03.07-300x224.jpeg 300w, https:\/\/web.ifac.edu.br\/reitora\/wp-content\/uploads\/sites\/30\/2018\/05\/WhatsApp-Image-2018-05-16-at-21.03.07-768x574.jpeg 768w, https:\/\/web.ifac.edu.br\/reitora\/wp-content\/uploads\/sites\/30\/2018\/05\/WhatsApp-Image-2018-05-16-at-21.03.07-624x467.jpeg 624w, https:\/\/web.ifac.edu.br\/reitora\/wp-content\/uploads\/sites\/30\/2018\/05\/WhatsApp-Image-2018-05-16-at-21.03.07.jpeg 1280w\" sizes=\"(max-width: 625px) 100vw, 625px\" \/><br \/>\nCompartilho com voc\u00eas a entrevista que foi ao ar dia 10\/05, no primeiro bloco do programa Boa Noite Rio Branco, onde falei da inaugura\u00e7\u00e3o do Campus Sena Madureira e os avan\u00e7os do Ifac.<\/p>\n<p>Acesse:\u00a0<a href=\"https:\/\/youtu.be\/fdwaIADYIuk\" target=\"_blank\" rel=\"noopener nofollow\">https:\/\/youtu.be\/fdwaIADYIuk<\/a><\/p>\n","protected":false},"excerpt":{"rendered":"<p>Compartilho com voc\u00eas a entrevista que foi ao ar dia 10\/05, no primeiro bloco do programa Boa Noite Rio Branco, onde falei da inaugura\u00e7\u00e3o do Campus Sena Madureira e os avan\u00e7os do Ifac. Acesse:\u00a0https:\/\/youtu.be\/fdwaIADYIuk<\/p>\n","protected":false},"author":15,"featured_media":0,"comment_status":"closed","ping_status":"open","sticky":false,"template":"","format":"standard","meta":{"footnotes":""},"categories":[2],"tags":[],"class_list":["post-4185","post","type-post","status-publish","format-standard","hentry","category-noticias"],"_links":{"self":[{"href":"https:\/\/web.ifac.edu.br\/reitora\/wp-json\/wp\/v2\/posts\/4185","targetHints":{"allow":["GET"]}}],"collection":[{"href":"https:\/\/web.ifac.edu.br\/reitora\/wp-json\/wp\/v2\/posts"}],"about":[{"href":"https:\/\/web.ifac.edu.br\/reitora\/wp-json\/wp\/v2\/types\/post"}],"author":[{"embeddable":true,"href":"https:\/\/web.ifac.edu.br\/reitora\/wp-json\/wp\/v2\/users\/15"}],"replies":[{"embeddable":true,"href":"https:\/\/web.ifac.edu.br\/reitora\/wp-json\/wp\/v2\/comments?post=4185"}],"version-history":[{"count":0,"href":"https:\/\/web.ifac.edu.br\/reitora\/wp-json\/wp\/v2\/posts\/4185\/revisions"}],"wp:attachment":[{"href":"https:\/\/web.ifac.edu.br\/reitora\/wp-json\/wp\/v2\/media?parent=4185"}],"wp:term":[{"taxonomy":"category","embeddable":true,"href":"https:\/\/web.ifac.edu.br\/reitora\/wp-json\/wp\/v2\/categories?post=4185"},{"taxonomy":"post_tag","embeddable":true,"href":"https:\/\/web.ifac.edu.br\/reitora\/wp-json\/wp\/v2\/tags?post=4185"}],"curies":[{"name":"wp","href":"https:\/\/api.w.org\/{rel}","templated":true}]}}