{"id":4183,"date":"2018-05-16T08:41:54","date_gmt":"2018-05-16T11:41:54","guid":{"rendered":"http:\/\/web.ifac.edu.br\/reitora\/?p=4183"},"modified":"2018-05-16T17:54:38","modified_gmt":"2018-05-16T20:54:38","slug":"visita-a-procuradora-geral-de-justica-do-ministerio-publico-do-estado-do-acre","status":"publish","type":"post","link":"https:\/\/web.ifac.edu.br\/reitora\/2018\/05\/16\/visita-a-procuradora-geral-de-justica-do-ministerio-publico-do-estado-do-acre\/","title":{"rendered":"Visita \u00e0 Procuradora-Geral de Justi\u00e7a do Minist\u00e9rio P\u00fablico do Estado do Acre"},"content":{"rendered":"<p><img decoding=\"async\" src=\"http:\/\/www.mpac.mp.br\/wp-content\/uploads\/1-13-2.jpg\" \/><br \/>\nNesta segunda-feira (14.05), fiz uma visita de cortesia \u00e0 Procuradora-Geral de Justi\u00e7a do Minist\u00e9rio P\u00fablico do Estado do Acre (MPE\/AC), K\u00e1tia Rejane de Ara\u00fajo Rodrigues.<\/p>\n<p>Al\u00e9m de desejar \u00eaxito \u00e0 nova Procuradora-Geral de Justi\u00e7a e destaquei as exitosas parcerias realizadas entre Ifac e MPE que beneficiam centenas de pessoas e promovem a forma\u00e7\u00e3o cidad\u00e3 e a defesa dos direitos.<\/p>\n<p>Ao final, a agradeci pela acolhida e pelas palavras da Procuradora-Geral K\u00e1tia Rejane que agradeceu a visita e colocou o Minist\u00e9rio P\u00fablico \u00e0 disposi\u00e7\u00e3o do Ifac, reconhecendo a import\u00e2ncia das parcerias que atendam aos interesses da justi\u00e7a e da sociedade.<\/p>\n","protected":false},"excerpt":{"rendered":"<p>Nesta segunda-feira (14.05), fiz uma visita de cortesia \u00e0 Procuradora-Geral de Justi\u00e7a do Minist\u00e9rio P\u00fablico do Estado do Acre (MPE\/AC), K\u00e1tia Rejane de Ara\u00fajo Rodrigues. Al\u00e9m de desejar \u00eaxito \u00e0 nova Procuradora-Geral de Justi\u00e7a e destaquei as exitosas parcerias realizadas entre Ifac e MPE que beneficiam centenas de pessoas e promovem a forma\u00e7\u00e3o cidad\u00e3 e [&hellip;]<\/p>\n","protected":false},"author":15,"featured_media":0,"comment_status":"closed","ping_status":"open","sticky":false,"template":"","format":"standard","meta":{"footnotes":""},"categories":[2],"tags":[],"class_list":["post-4183","post","type-post","status-publish","format-standard","hentry","category-noticias"],"_links":{"self":[{"href":"https:\/\/web.ifac.edu.br\/reitora\/wp-json\/wp\/v2\/posts\/4183","targetHints":{"allow":["GET"]}}],"collection":[{"href":"https:\/\/web.ifac.edu.br\/reitora\/wp-json\/wp\/v2\/posts"}],"about":[{"href":"https:\/\/web.ifac.edu.br\/reitora\/wp-json\/wp\/v2\/types\/post"}],"author":[{"embeddable":true,"href":"https:\/\/web.ifac.edu.br\/reitora\/wp-json\/wp\/v2\/users\/15"}],"replies":[{"embeddable":true,"href":"https:\/\/web.ifac.edu.br\/reitora\/wp-json\/wp\/v2\/comments?post=4183"}],"version-history":[{"count":0,"href":"https:\/\/web.ifac.edu.br\/reitora\/wp-json\/wp\/v2\/posts\/4183\/revisions"}],"wp:attachment":[{"href":"https:\/\/web.ifac.edu.br\/reitora\/wp-json\/wp\/v2\/media?parent=4183"}],"wp:term":[{"taxonomy":"category","embeddable":true,"href":"https:\/\/web.ifac.edu.br\/reitora\/wp-json\/wp\/v2\/categories?post=4183"},{"taxonomy":"post_tag","embeddable":true,"href":"https:\/\/web.ifac.edu.br\/reitora\/wp-json\/wp\/v2\/tags?post=4183"}],"curies":[{"name":"wp","href":"https:\/\/api.w.org\/{rel}","templated":true}]}}