{"id":4181,"date":"2018-05-11T17:32:34","date_gmt":"2018-05-11T20:32:34","guid":{"rendered":"http:\/\/web.ifac.edu.br\/reitora\/?p=4181"},"modified":"2018-05-16T17:36:55","modified_gmt":"2018-05-16T20:36:55","slug":"ifac-na-secretaria-executiva-regional-da-sbpc-no-acre","status":"publish","type":"post","link":"https:\/\/web.ifac.edu.br\/reitora\/2018\/05\/11\/ifac-na-secretaria-executiva-regional-da-sbpc-no-acre\/","title":{"rendered":"IFAC na Secretaria Executiva Regional da SBPC no Acre"},"content":{"rendered":"<p><img decoding=\"async\" src=\"http:\/\/portal.ifac.edu.br\/images\/conteudo\/materias\/2018\/sbpc_ifac-1.jpeg\" alt=\"imagem sem descri\u00c3\u00a7\u00c3\u00a3o.\" \/><\/p>\n<p>Esta semana tem sido muito especial para o Ifac e ontem (11.05) n\u00e3o foi diferente. Pela primeira vez, um reitor da Rede Federal de Educa\u00e7\u00e3o Profissional, Cient\u00edfica e Tecnol\u00f3gica foi nomeado para ser titular de uma Secretaria Executiva Regional da SBPC.<\/p>\n<p>Fomos os pioneiros e tenho certeza que essa nomea\u00e7\u00e3o nos trar\u00e1 in\u00fameras oportunidades para ampliar as discuss\u00f5es e conhecimentos cient\u00edficos e tecnol\u00f3gicos no Acre.<\/p>\n<p>Agrade\u00e7o a todos pela indica\u00e7\u00e3o do meu nome para mais este compromisso. Juntos, tenho certeza que avan\u00e7aremos cada vez mais por uma educa\u00e7\u00e3o de qualidade e progresso da Pesquisa, Ci\u00eancia, Tecnologia e Inova\u00e7\u00e3o no Acre.<\/p>\n<p>&nbsp;<\/p>\n<p>Confira a mat\u00e9ria completa no Portal do IFAC: https:\/\/goo.gl\/Rd4nDi<\/p>\n","protected":false},"excerpt":{"rendered":"<p>Esta semana tem sido muito especial para o Ifac e ontem (11.05) n\u00e3o foi diferente. Pela primeira vez, um reitor da Rede Federal de Educa\u00e7\u00e3o Profissional, Cient\u00edfica e Tecnol\u00f3gica foi nomeado para ser titular de uma Secretaria Executiva Regional da SBPC. Fomos os pioneiros e tenho certeza que essa nomea\u00e7\u00e3o nos trar\u00e1 in\u00fameras oportunidades para [&hellip;]<\/p>\n","protected":false},"author":15,"featured_media":0,"comment_status":"closed","ping_status":"open","sticky":false,"template":"","format":"standard","meta":{"footnotes":""},"categories":[2],"tags":[],"class_list":["post-4181","post","type-post","status-publish","format-standard","hentry","category-noticias"],"_links":{"self":[{"href":"https:\/\/web.ifac.edu.br\/reitora\/wp-json\/wp\/v2\/posts\/4181","targetHints":{"allow":["GET"]}}],"collection":[{"href":"https:\/\/web.ifac.edu.br\/reitora\/wp-json\/wp\/v2\/posts"}],"about":[{"href":"https:\/\/web.ifac.edu.br\/reitora\/wp-json\/wp\/v2\/types\/post"}],"author":[{"embeddable":true,"href":"https:\/\/web.ifac.edu.br\/reitora\/wp-json\/wp\/v2\/users\/15"}],"replies":[{"embeddable":true,"href":"https:\/\/web.ifac.edu.br\/reitora\/wp-json\/wp\/v2\/comments?post=4181"}],"version-history":[{"count":0,"href":"https:\/\/web.ifac.edu.br\/reitora\/wp-json\/wp\/v2\/posts\/4181\/revisions"}],"wp:attachment":[{"href":"https:\/\/web.ifac.edu.br\/reitora\/wp-json\/wp\/v2\/media?parent=4181"}],"wp:term":[{"taxonomy":"category","embeddable":true,"href":"https:\/\/web.ifac.edu.br\/reitora\/wp-json\/wp\/v2\/categories?post=4181"},{"taxonomy":"post_tag","embeddable":true,"href":"https:\/\/web.ifac.edu.br\/reitora\/wp-json\/wp\/v2\/tags?post=4181"}],"curies":[{"name":"wp","href":"https:\/\/api.w.org\/{rel}","templated":true}]}}