{"id":4178,"date":"2018-05-10T17:19:09","date_gmt":"2018-05-10T20:19:09","guid":{"rendered":"http:\/\/web.ifac.edu.br\/reitora\/?p=4178"},"modified":"2018-05-16T17:37:34","modified_gmt":"2018-05-16T20:37:34","slug":"4178","status":"publish","type":"post","link":"https:\/\/web.ifac.edu.br\/reitora\/2018\/05\/10\/4178\/","title":{"rendered":"Sede do Ifac em Sena Madureira \u00e9 inaugurada"},"content":{"rendered":"<p><img decoding=\"async\" src=\"http:\/\/portal.ifac.edu.br\/images\/conteudo\/materias\/2018\/05-Maio\/sena-7013.jpg\" alt=\"imagem sem descri\u00c3\u00a7\u00c3\u00a3o.\" \/><br \/>\nMiss\u00e3o cumprida!<\/p>\n<p>E com este sentimento de dedica\u00e7\u00e3o por trabalhar cada vez mais por uma educa\u00e7\u00e3o de qualidade, que vamos continuar seguindo nossa caminhada.<\/p>\n<p>Parab\u00e9ns a todos que participaram da hist\u00f3ria do campus Sena Madureira!<\/p>\n<p>A uni\u00e3o nos ajudou a concretizar esse sonho!<\/p>\n<p>Confira a mat\u00e9ria no Portal Ifac:\u00a0https:\/\/goo.gl\/16UKJL<\/p>\n","protected":false},"excerpt":{"rendered":"<p>Miss\u00e3o cumprida! E com este sentimento de dedica\u00e7\u00e3o por trabalhar cada vez mais por uma educa\u00e7\u00e3o de qualidade, que vamos continuar seguindo nossa caminhada. Parab\u00e9ns a todos que participaram da hist\u00f3ria do campus Sena Madureira! A uni\u00e3o nos ajudou a concretizar esse sonho! Confira a mat\u00e9ria no Portal Ifac:\u00a0https:\/\/goo.gl\/16UKJL<\/p>\n","protected":false},"author":15,"featured_media":0,"comment_status":"closed","ping_status":"open","sticky":false,"template":"","format":"standard","meta":{"footnotes":""},"categories":[2],"tags":[],"class_list":["post-4178","post","type-post","status-publish","format-standard","hentry","category-noticias"],"_links":{"self":[{"href":"https:\/\/web.ifac.edu.br\/reitora\/wp-json\/wp\/v2\/posts\/4178","targetHints":{"allow":["GET"]}}],"collection":[{"href":"https:\/\/web.ifac.edu.br\/reitora\/wp-json\/wp\/v2\/posts"}],"about":[{"href":"https:\/\/web.ifac.edu.br\/reitora\/wp-json\/wp\/v2\/types\/post"}],"author":[{"embeddable":true,"href":"https:\/\/web.ifac.edu.br\/reitora\/wp-json\/wp\/v2\/users\/15"}],"replies":[{"embeddable":true,"href":"https:\/\/web.ifac.edu.br\/reitora\/wp-json\/wp\/v2\/comments?post=4178"}],"version-history":[{"count":0,"href":"https:\/\/web.ifac.edu.br\/reitora\/wp-json\/wp\/v2\/posts\/4178\/revisions"}],"wp:attachment":[{"href":"https:\/\/web.ifac.edu.br\/reitora\/wp-json\/wp\/v2\/media?parent=4178"}],"wp:term":[{"taxonomy":"category","embeddable":true,"href":"https:\/\/web.ifac.edu.br\/reitora\/wp-json\/wp\/v2\/categories?post=4178"},{"taxonomy":"post_tag","embeddable":true,"href":"https:\/\/web.ifac.edu.br\/reitora\/wp-json\/wp\/v2\/tags?post=4178"}],"curies":[{"name":"wp","href":"https:\/\/api.w.org\/{rel}","templated":true}]}}