{"id":4171,"date":"2018-05-09T20:14:19","date_gmt":"2018-05-09T23:14:19","guid":{"rendered":"http:\/\/web.ifac.edu.br\/reitora\/?p=4171"},"modified":"2018-05-09T20:27:59","modified_gmt":"2018-05-09T23:27:59","slug":"inauguramos-a-nova-sede-da-incubac","status":"publish","type":"post","link":"https:\/\/web.ifac.edu.br\/reitora\/2018\/05\/09\/inauguramos-a-nova-sede-da-incubac\/","title":{"rendered":"Inauguramos a nova sede da Incubac"},"content":{"rendered":"<p><img fetchpriority=\"high\" decoding=\"async\" class=\"alignnone size-large wp-image-4172\" src=\"http:\/\/web.ifac.edu.br\/reitora\/wp-content\/uploads\/sites\/30\/2018\/05\/DSC_0142-1024x683.jpg\" alt=\"\" width=\"625\" height=\"417\" srcset=\"https:\/\/web.ifac.edu.br\/reitora\/wp-content\/uploads\/sites\/30\/2018\/05\/DSC_0142-1024x683.jpg 1024w, https:\/\/web.ifac.edu.br\/reitora\/wp-content\/uploads\/sites\/30\/2018\/05\/DSC_0142-300x200.jpg 300w, https:\/\/web.ifac.edu.br\/reitora\/wp-content\/uploads\/sites\/30\/2018\/05\/DSC_0142-768x512.jpg 768w, https:\/\/web.ifac.edu.br\/reitora\/wp-content\/uploads\/sites\/30\/2018\/05\/DSC_0142-624x416.jpg 624w\" sizes=\"(max-width: 625px) 100vw, 625px\" \/><br \/>\nNesta ter\u00e7a-feira (08.05) inauguramos, com a presen\u00e7a dos reitores membros do Conif, al\u00e9m de autoridades estaduais e municipais, a nova sede da Incubadora de Empreendimentos de Base Tecnol\u00f3gica e da Economia dos Setores Populares e Tradicionais do Acre (Incubac).<\/p>\n<p>Um espa\u00e7o lindo, que foi constru\u00eddo no campus Rio Branco, com capacidade para atender at\u00e9 16 ideias de empreendimentos inovadores e ligados \u00e0 economia solid\u00e1ria.<\/p>\n<p><img decoding=\"async\" class=\"size-large wp-image-4175\" src=\"http:\/\/web.ifac.edu.br\/reitora\/wp-content\/uploads\/sites\/30\/2018\/05\/DSC08304-1024x499.jpg\" alt=\"\" width=\"625\" height=\"305\" srcset=\"https:\/\/web.ifac.edu.br\/reitora\/wp-content\/uploads\/sites\/30\/2018\/05\/DSC08304-1024x499.jpg 1024w, https:\/\/web.ifac.edu.br\/reitora\/wp-content\/uploads\/sites\/30\/2018\/05\/DSC08304-300x146.jpg 300w, https:\/\/web.ifac.edu.br\/reitora\/wp-content\/uploads\/sites\/30\/2018\/05\/DSC08304-768x375.jpg 768w, https:\/\/web.ifac.edu.br\/reitora\/wp-content\/uploads\/sites\/30\/2018\/05\/DSC08304-624x304.jpg 624w\" sizes=\"(max-width: 625px) 100vw, 625px\" \/><\/p>\n<p>Ter essa nova estrutura em nossa institui\u00e7\u00e3o, n\u00e3o apenas ir\u00e1 colaborar no desenvolvimento econ\u00f4mico e social das diversas comunidades do Estado, mas tamb\u00e9m na economia solid\u00e1ria e na inova\u00e7\u00e3o tecnol\u00f3gica.<\/p>\n<p><img decoding=\"async\" class=\"size-large wp-image-4174\" src=\"http:\/\/web.ifac.edu.br\/reitora\/wp-content\/uploads\/sites\/30\/2018\/05\/DSC08310-1-1024x573.jpg\" alt=\"\" width=\"625\" height=\"350\" srcset=\"https:\/\/web.ifac.edu.br\/reitora\/wp-content\/uploads\/sites\/30\/2018\/05\/DSC08310-1-1024x573.jpg 1024w, https:\/\/web.ifac.edu.br\/reitora\/wp-content\/uploads\/sites\/30\/2018\/05\/DSC08310-1-300x168.jpg 300w, https:\/\/web.ifac.edu.br\/reitora\/wp-content\/uploads\/sites\/30\/2018\/05\/DSC08310-1-768x430.jpg 768w, https:\/\/web.ifac.edu.br\/reitora\/wp-content\/uploads\/sites\/30\/2018\/05\/DSC08310-1-624x349.jpg 624w\" sizes=\"(max-width: 625px) 100vw, 625px\" \/><\/p>\n<p>&nbsp;<\/p>\n","protected":false},"excerpt":{"rendered":"<p>Nesta ter\u00e7a-feira (08.05) inauguramos, com a presen\u00e7a dos reitores membros do Conif, al\u00e9m de autoridades estaduais e municipais, a nova sede da Incubadora de Empreendimentos de Base Tecnol\u00f3gica e da Economia dos Setores Populares e Tradicionais do Acre (Incubac). Um espa\u00e7o lindo, que foi constru\u00eddo no campus Rio Branco, com capacidade para atender at\u00e9 16 [&hellip;]<\/p>\n","protected":false},"author":15,"featured_media":0,"comment_status":"closed","ping_status":"open","sticky":false,"template":"","format":"standard","meta":{"footnotes":""},"categories":[2],"tags":[],"class_list":["post-4171","post","type-post","status-publish","format-standard","hentry","category-noticias"],"_links":{"self":[{"href":"https:\/\/web.ifac.edu.br\/reitora\/wp-json\/wp\/v2\/posts\/4171","targetHints":{"allow":["GET"]}}],"collection":[{"href":"https:\/\/web.ifac.edu.br\/reitora\/wp-json\/wp\/v2\/posts"}],"about":[{"href":"https:\/\/web.ifac.edu.br\/reitora\/wp-json\/wp\/v2\/types\/post"}],"author":[{"embeddable":true,"href":"https:\/\/web.ifac.edu.br\/reitora\/wp-json\/wp\/v2\/users\/15"}],"replies":[{"embeddable":true,"href":"https:\/\/web.ifac.edu.br\/reitora\/wp-json\/wp\/v2\/comments?post=4171"}],"version-history":[{"count":0,"href":"https:\/\/web.ifac.edu.br\/reitora\/wp-json\/wp\/v2\/posts\/4171\/revisions"}],"wp:attachment":[{"href":"https:\/\/web.ifac.edu.br\/reitora\/wp-json\/wp\/v2\/media?parent=4171"}],"wp:term":[{"taxonomy":"category","embeddable":true,"href":"https:\/\/web.ifac.edu.br\/reitora\/wp-json\/wp\/v2\/categories?post=4171"},{"taxonomy":"post_tag","embeddable":true,"href":"https:\/\/web.ifac.edu.br\/reitora\/wp-json\/wp\/v2\/tags?post=4171"}],"curies":[{"name":"wp","href":"https:\/\/api.w.org\/{rel}","templated":true}]}}