{"id":4166,"date":"2018-05-09T20:05:48","date_gmt":"2018-05-09T23:05:48","guid":{"rendered":"http:\/\/web.ifac.edu.br\/reitora\/?p=4166"},"modified":"2018-05-09T20:05:48","modified_gmt":"2018-05-09T23:05:48","slug":"conif-e-sediado-no-acre","status":"publish","type":"post","link":"https:\/\/web.ifac.edu.br\/reitora\/2018\/05\/09\/conif-e-sediado-no-acre\/","title":{"rendered":"CONIF \u00e9 sediado no Acre"},"content":{"rendered":"<p><img fetchpriority=\"high\" decoding=\"async\" class=\"alignnone size-large wp-image-4167\" src=\"http:\/\/web.ifac.edu.br\/reitora\/wp-content\/uploads\/sites\/30\/2018\/05\/WhatsApp-Image-2018-05-09-at-00.14.53-1024x552.jpeg\" alt=\"\" width=\"625\" height=\"337\" srcset=\"https:\/\/web.ifac.edu.br\/reitora\/wp-content\/uploads\/sites\/30\/2018\/05\/WhatsApp-Image-2018-05-09-at-00.14.53.jpeg 1024w, https:\/\/web.ifac.edu.br\/reitora\/wp-content\/uploads\/sites\/30\/2018\/05\/WhatsApp-Image-2018-05-09-at-00.14.53-300x162.jpeg 300w, https:\/\/web.ifac.edu.br\/reitora\/wp-content\/uploads\/sites\/30\/2018\/05\/WhatsApp-Image-2018-05-09-at-00.14.53-768x414.jpeg 768w, https:\/\/web.ifac.edu.br\/reitora\/wp-content\/uploads\/sites\/30\/2018\/05\/WhatsApp-Image-2018-05-09-at-00.14.53-624x336.jpeg 624w\" sizes=\"(max-width: 625px) 100vw, 625px\" \/><br \/>\nDesde quando assumi o cargo de reitora no Ifac, \u00e9 um sonho trazer os reitores e representantes do Conselho Nacional das Institui\u00e7\u00f5es da Rede Federal de Educa\u00e7\u00e3o Profissional, Cient\u00edfica e Tecnol\u00f3gica (Conif), para o nosso Estado. E nesta ter\u00e7a-feira (08.05) foi poss\u00edvel receber meus companheiros de caminhada na Rede Federal em nossa casa.<\/p>\n<p><img decoding=\"async\" class=\"alignnone size-large wp-image-4168\" src=\"http:\/\/web.ifac.edu.br\/reitora\/wp-content\/uploads\/sites\/30\/2018\/05\/41978838681_f9a3b1dcf4_k-1024x601.jpg\" alt=\"\" width=\"625\" height=\"367\" srcset=\"https:\/\/web.ifac.edu.br\/reitora\/wp-content\/uploads\/sites\/30\/2018\/05\/41978838681_f9a3b1dcf4_k-1024x601.jpg 1024w, https:\/\/web.ifac.edu.br\/reitora\/wp-content\/uploads\/sites\/30\/2018\/05\/41978838681_f9a3b1dcf4_k-300x176.jpg 300w, https:\/\/web.ifac.edu.br\/reitora\/wp-content\/uploads\/sites\/30\/2018\/05\/41978838681_f9a3b1dcf4_k-768x451.jpg 768w, https:\/\/web.ifac.edu.br\/reitora\/wp-content\/uploads\/sites\/30\/2018\/05\/41978838681_f9a3b1dcf4_k-624x366.jpg 624w, https:\/\/web.ifac.edu.br\/reitora\/wp-content\/uploads\/sites\/30\/2018\/05\/41978838681_f9a3b1dcf4_k.jpg 2048w\" sizes=\"(max-width: 625px) 100vw, 625px\" \/><\/p>\n<p>Ter todas as institui\u00e7\u00f5es da Rede Federal presentes no Acre mostra o quanto somos grande e quanto temos expandido em todo o pa\u00eds. Ser protagonista dessa reuni\u00e3o e poder mostrar a nossa realidade \u00e9 uma oportunidade \u00edmpar. Com certeza este encontro nos orgulha muito.<\/p>\n<p><img decoding=\"async\" class=\"alignnone size-large wp-image-4169\" src=\"http:\/\/web.ifac.edu.br\/reitora\/wp-content\/uploads\/sites\/30\/2018\/05\/41078912385_69b67cf800_k-1-1024x582.jpg\" alt=\"\" width=\"625\" height=\"355\" srcset=\"https:\/\/web.ifac.edu.br\/reitora\/wp-content\/uploads\/sites\/30\/2018\/05\/41078912385_69b67cf800_k-1-1024x582.jpg 1024w, https:\/\/web.ifac.edu.br\/reitora\/wp-content\/uploads\/sites\/30\/2018\/05\/41078912385_69b67cf800_k-1-300x171.jpg 300w, https:\/\/web.ifac.edu.br\/reitora\/wp-content\/uploads\/sites\/30\/2018\/05\/41078912385_69b67cf800_k-1-768x437.jpg 768w, https:\/\/web.ifac.edu.br\/reitora\/wp-content\/uploads\/sites\/30\/2018\/05\/41078912385_69b67cf800_k-1-624x355.jpg 624w, https:\/\/web.ifac.edu.br\/reitora\/wp-content\/uploads\/sites\/30\/2018\/05\/41078912385_69b67cf800_k-1.jpg 2048w\" sizes=\"(max-width: 625px) 100vw, 625px\" \/><\/p>\n","protected":false},"excerpt":{"rendered":"<p>Desde quando assumi o cargo de reitora no Ifac, \u00e9 um sonho trazer os reitores e representantes do Conselho Nacional das Institui\u00e7\u00f5es da Rede Federal de Educa\u00e7\u00e3o Profissional, Cient\u00edfica e Tecnol\u00f3gica (Conif), para o nosso Estado. E nesta ter\u00e7a-feira (08.05) foi poss\u00edvel receber meus companheiros de caminhada na Rede Federal em nossa casa. Ter todas [&hellip;]<\/p>\n","protected":false},"author":15,"featured_media":0,"comment_status":"closed","ping_status":"open","sticky":false,"template":"","format":"standard","meta":{"footnotes":""},"categories":[2],"tags":[],"class_list":["post-4166","post","type-post","status-publish","format-standard","hentry","category-noticias"],"_links":{"self":[{"href":"https:\/\/web.ifac.edu.br\/reitora\/wp-json\/wp\/v2\/posts\/4166","targetHints":{"allow":["GET"]}}],"collection":[{"href":"https:\/\/web.ifac.edu.br\/reitora\/wp-json\/wp\/v2\/posts"}],"about":[{"href":"https:\/\/web.ifac.edu.br\/reitora\/wp-json\/wp\/v2\/types\/post"}],"author":[{"embeddable":true,"href":"https:\/\/web.ifac.edu.br\/reitora\/wp-json\/wp\/v2\/users\/15"}],"replies":[{"embeddable":true,"href":"https:\/\/web.ifac.edu.br\/reitora\/wp-json\/wp\/v2\/comments?post=4166"}],"version-history":[{"count":0,"href":"https:\/\/web.ifac.edu.br\/reitora\/wp-json\/wp\/v2\/posts\/4166\/revisions"}],"wp:attachment":[{"href":"https:\/\/web.ifac.edu.br\/reitora\/wp-json\/wp\/v2\/media?parent=4166"}],"wp:term":[{"taxonomy":"category","embeddable":true,"href":"https:\/\/web.ifac.edu.br\/reitora\/wp-json\/wp\/v2\/categories?post=4166"},{"taxonomy":"post_tag","embeddable":true,"href":"https:\/\/web.ifac.edu.br\/reitora\/wp-json\/wp\/v2\/tags?post=4166"}],"curies":[{"name":"wp","href":"https:\/\/api.w.org\/{rel}","templated":true}]}}