{"id":4164,"date":"2018-04-30T18:18:36","date_gmt":"2018-04-30T21:18:36","guid":{"rendered":"http:\/\/web.ifac.edu.br\/reitora\/?p=4164"},"modified":"2018-05-01T13:58:26","modified_gmt":"2018-05-01T16:58:26","slug":"resultados-do-segundo-ano-de-gestao-eleita","status":"publish","type":"post","link":"https:\/\/web.ifac.edu.br\/reitora\/2018\/04\/30\/resultados-do-segundo-ano-de-gestao-eleita\/","title":{"rendered":"Resultados do segundo ano de gest\u00e3o eleita"},"content":{"rendered":"<p><img decoding=\"async\" class=\"aligncenter\" src=\"http:\/\/portal.ifac.edu.br\/images\/conteudo\/materias\/2018\/04-Abril\/2anos_quad.png\" \/><br \/>\nNeste m\u00eas de abril, completo 2 anos como reitora eleita no Instituto Federal do Acre (IFAC), assim como no ano passado, este ano compartilho o resumo dos trabalhos desenvolvidos em mais um ano de gest\u00e3o. O documento \u00e9 uma forma de prestar contas aos servidores do Ifac e a sociedade das atividades realizadas pelas Pr\u00f3-reitorias e Diretorias Sist\u00eamicas no per\u00edodo de abril de 2017 a abril de 2018.<\/p>\n<blockquote><p><strong><br \/>\nPara saber mais informa\u00e7\u00f5es, acesse:<br \/>\n<\/strong><strong><a href=\"http:\/\/bit.ly\/IFAC_2_Anos_de_Gestao\" target=\"_blank\" rel=\"noopener nofollow\">http:\/\/bit.ly\/IFAC_2_Anos_de_Gestao<\/a><\/strong><\/p><\/blockquote>\n<p><strong>Confira tamb\u00e9m:<\/strong><\/p>\n<p><strong><a href=\"http:\/\/portal.ifac.edu.br\/images\/conteudo\/materias\/2017\/Abril\/WhatsApp-Image-2017-04-26-at-14.04.01.jpeg\">1\u00aa\u00a0edi\u00e7\u00e3o &#8211; Abril de 2015 (Reitora\u00a0<em>pro tempore<\/em>);<\/a><\/strong><\/p>\n<p><strong><a href=\"http:\/\/portal.ifac.edu.br\/component\/content\/article.html?id=878&amp;Itemid=101\">2\u00aa edi\u00e7\u00e3o &#8211; Abril de 2017 (Gest\u00e3o Eleita);<\/a><\/strong><\/p>\n","protected":false},"excerpt":{"rendered":"<p>Neste m\u00eas de abril, completo 2 anos como reitora eleita no Instituto Federal do Acre (IFAC), assim como no ano passado, este ano compartilho o resumo dos trabalhos desenvolvidos em mais um ano de gest\u00e3o. O documento \u00e9 uma forma de prestar contas aos servidores do Ifac e a sociedade das atividades realizadas pelas Pr\u00f3-reitorias [&hellip;]<\/p>\n","protected":false},"author":15,"featured_media":0,"comment_status":"open","ping_status":"open","sticky":false,"template":"","format":"standard","meta":{"footnotes":""},"categories":[2],"tags":[],"class_list":["post-4164","post","type-post","status-publish","format-standard","hentry","category-noticias"],"_links":{"self":[{"href":"https:\/\/web.ifac.edu.br\/reitora\/wp-json\/wp\/v2\/posts\/4164","targetHints":{"allow":["GET"]}}],"collection":[{"href":"https:\/\/web.ifac.edu.br\/reitora\/wp-json\/wp\/v2\/posts"}],"about":[{"href":"https:\/\/web.ifac.edu.br\/reitora\/wp-json\/wp\/v2\/types\/post"}],"author":[{"embeddable":true,"href":"https:\/\/web.ifac.edu.br\/reitora\/wp-json\/wp\/v2\/users\/15"}],"replies":[{"embeddable":true,"href":"https:\/\/web.ifac.edu.br\/reitora\/wp-json\/wp\/v2\/comments?post=4164"}],"version-history":[{"count":0,"href":"https:\/\/web.ifac.edu.br\/reitora\/wp-json\/wp\/v2\/posts\/4164\/revisions"}],"wp:attachment":[{"href":"https:\/\/web.ifac.edu.br\/reitora\/wp-json\/wp\/v2\/media?parent=4164"}],"wp:term":[{"taxonomy":"category","embeddable":true,"href":"https:\/\/web.ifac.edu.br\/reitora\/wp-json\/wp\/v2\/categories?post=4164"},{"taxonomy":"post_tag","embeddable":true,"href":"https:\/\/web.ifac.edu.br\/reitora\/wp-json\/wp\/v2\/tags?post=4164"}],"curies":[{"name":"wp","href":"https:\/\/api.w.org\/{rel}","templated":true}]}}