{"id":4159,"date":"2018-04-30T22:15:22","date_gmt":"2018-05-01T01:15:22","guid":{"rendered":"http:\/\/web.ifac.edu.br\/reitora\/?p=4159"},"modified":"2018-04-30T22:25:24","modified_gmt":"2018-05-01T01:25:24","slug":"visita-do-deputado-daniel-zen","status":"publish","type":"post","link":"https:\/\/web.ifac.edu.br\/reitora\/2018\/04\/30\/visita-do-deputado-daniel-zen\/","title":{"rendered":"Visita do Deputado Daniel Zen"},"content":{"rendered":"<p><img fetchpriority=\"high\" decoding=\"async\" class=\"alignnone size-large wp-image-4160\" src=\"http:\/\/web.ifac.edu.br\/reitora\/wp-content\/uploads\/sites\/30\/2018\/04\/daniel-zen-ifac-1024x682.jpeg\" alt=\"\" width=\"625\" height=\"416\" srcset=\"https:\/\/web.ifac.edu.br\/reitora\/wp-content\/uploads\/sites\/30\/2018\/04\/daniel-zen-ifac-1024x682.jpeg 1024w, https:\/\/web.ifac.edu.br\/reitora\/wp-content\/uploads\/sites\/30\/2018\/04\/daniel-zen-ifac-300x200.jpeg 300w, https:\/\/web.ifac.edu.br\/reitora\/wp-content\/uploads\/sites\/30\/2018\/04\/daniel-zen-ifac-768x512.jpeg 768w, https:\/\/web.ifac.edu.br\/reitora\/wp-content\/uploads\/sites\/30\/2018\/04\/daniel-zen-ifac-624x416.jpeg 624w, https:\/\/web.ifac.edu.br\/reitora\/wp-content\/uploads\/sites\/30\/2018\/04\/daniel-zen-ifac.jpeg 1280w\" sizes=\"(max-width: 625px) 100vw, 625px\" \/><\/p>\n<p>Nesta segunda-feira (30.04), eu e os Pr\u00f3-reitores de Ensino e Desenvolvimento Institucional do Ifac recebemos a visita de cortesia do Deputado Estadual Daniel Zen, para falarmos sobre o fortalecimento do ensino profissional nos munic\u00edpios do estado.\u00a0O Deputado tem sido um grande apoiador colocando o seu mandato \u00e0 disposi\u00e7\u00e3o do Ifac.<\/p>\n","protected":false},"excerpt":{"rendered":"<p>Nesta segunda-feira (30.04), eu e os Pr\u00f3-reitores de Ensino e Desenvolvimento Institucional do Ifac recebemos a visita de cortesia do Deputado Estadual Daniel Zen, para falarmos sobre o fortalecimento do ensino profissional nos munic\u00edpios do estado.\u00a0O Deputado tem sido um grande apoiador colocando o seu mandato \u00e0 disposi\u00e7\u00e3o do Ifac.<\/p>\n","protected":false},"author":15,"featured_media":0,"comment_status":"open","ping_status":"open","sticky":false,"template":"","format":"standard","meta":{"footnotes":""},"categories":[2,1],"tags":[],"class_list":["post-4159","post","type-post","status-publish","format-standard","hentry","category-noticias","category-sem-categoria"],"_links":{"self":[{"href":"https:\/\/web.ifac.edu.br\/reitora\/wp-json\/wp\/v2\/posts\/4159","targetHints":{"allow":["GET"]}}],"collection":[{"href":"https:\/\/web.ifac.edu.br\/reitora\/wp-json\/wp\/v2\/posts"}],"about":[{"href":"https:\/\/web.ifac.edu.br\/reitora\/wp-json\/wp\/v2\/types\/post"}],"author":[{"embeddable":true,"href":"https:\/\/web.ifac.edu.br\/reitora\/wp-json\/wp\/v2\/users\/15"}],"replies":[{"embeddable":true,"href":"https:\/\/web.ifac.edu.br\/reitora\/wp-json\/wp\/v2\/comments?post=4159"}],"version-history":[{"count":0,"href":"https:\/\/web.ifac.edu.br\/reitora\/wp-json\/wp\/v2\/posts\/4159\/revisions"}],"wp:attachment":[{"href":"https:\/\/web.ifac.edu.br\/reitora\/wp-json\/wp\/v2\/media?parent=4159"}],"wp:term":[{"taxonomy":"category","embeddable":true,"href":"https:\/\/web.ifac.edu.br\/reitora\/wp-json\/wp\/v2\/categories?post=4159"},{"taxonomy":"post_tag","embeddable":true,"href":"https:\/\/web.ifac.edu.br\/reitora\/wp-json\/wp\/v2\/tags?post=4159"}],"curies":[{"name":"wp","href":"https:\/\/api.w.org\/{rel}","templated":true}]}}