{"id":4152,"date":"2018-04-23T20:23:45","date_gmt":"2018-04-23T23:23:45","guid":{"rendered":"http:\/\/web.ifac.edu.br\/reitora\/?p=4152"},"modified":"2018-04-24T10:37:31","modified_gmt":"2018-04-24T13:37:31","slug":"ifac-assina-acordo-de-cooperacao-tecnica-com-61o-batalhao-de-infantaria-da-selva","status":"publish","type":"post","link":"https:\/\/web.ifac.edu.br\/reitora\/2018\/04\/23\/ifac-assina-acordo-de-cooperacao-tecnica-com-61o-batalhao-de-infantaria-da-selva\/","title":{"rendered":"Acordo de coopera\u00e7\u00e3o t\u00e9cnica com 61\u00ba Batalh\u00e3o de Infantaria da Selva"},"content":{"rendered":"<div class=\"direct-image direct-image-horz\">\n<div class=\"image-box\"><img decoding=\"async\" class=\"img-polaroid img-fulltext-left \" title=\"\" src=\"http:\/\/portal.ifac.edu.br\/images\/conteudo\/materias\/2018\/04-Abril\/cruzeiro-4.jpg\" alt=\"imagem sem descri\u00e7\u00e3o.\" \/><\/div>\n<\/div>\n<p>Com objetivo de ampliar as a\u00e7\u00f5es em parceria no munic\u00edpio de Cruzeiro do Sul, o Instituto Federal do Acre assinou, no \u00faltimo dia 17 de abril, acordo de coopera\u00e7\u00e3o t\u00e9cnica com o 61\u00ba Batalh\u00e3o de Infantaria da Selva (61 BIS).<\/p>\n<p>O documento prev\u00ea a realiza\u00e7\u00e3o de cursos de aperfei\u00e7oamento para os militares do 61 BIS, como tamb\u00e9m cess\u00e3o de transportes terrestres e fluviais ao Instituto, possibilidade de associa\u00e7\u00e3o dos servidores do Ifac ao Clube Recreativo (CR-BIS) e uso da piscina do CR-BIS para atividades pr\u00e1ticas.<\/p>\n<p>De acordo com a reitora do Ifac, Rosana Cavalcante dos Santos, a parceria com o Batalh\u00e3o refor\u00e7a, n\u00e3o apenas o compromisso da institui\u00e7\u00e3o em oportunizar qualifica\u00e7\u00e3o \u00e0 comunidade, mas tamb\u00e9m a possibilidade fortalecer o trabalho desenvolvido no campus. \u201cTemos certeza que esta parceria com 61\u00ba BIS ir\u00e1 render bons frutos para o munic\u00edpio de Cruzeiro do Sul\u201d.<\/p>\n<p>Tamb\u00e9m em Cruzeiro do Sul, Rosana Cavalcante dos Santos, juntamente com servidores do Ifac, conheceu o espa\u00e7o do Conservat\u00f3rio Musical do Vale do Juru\u00e1. O projeto \u00e9 desenvolvido pelo 61 BIS e o Minist\u00e9rio P\u00fablico Estadual. A a\u00e7\u00e3o, que atende mais de 300 crian\u00e7as e adolescentes, incentiva atrav\u00e9s do canto e da m\u00fasica o talento cultural dos jovens que moram no munic\u00edpio.<\/p>\n<p><img fetchpriority=\"high\" decoding=\"async\" class=\"alignnone size-large wp-image-4153\" src=\"http:\/\/web.ifac.edu.br\/reitora\/wp-content\/uploads\/sites\/30\/2018\/04\/mus_bis_cruzeiro-1024x768.jpeg\" alt=\"\" width=\"625\" height=\"469\" srcset=\"https:\/\/web.ifac.edu.br\/reitora\/wp-content\/uploads\/sites\/30\/2018\/04\/mus_bis_cruzeiro-1024x768.jpeg 1024w, https:\/\/web.ifac.edu.br\/reitora\/wp-content\/uploads\/sites\/30\/2018\/04\/mus_bis_cruzeiro-300x225.jpeg 300w, https:\/\/web.ifac.edu.br\/reitora\/wp-content\/uploads\/sites\/30\/2018\/04\/mus_bis_cruzeiro-768x576.jpeg 768w, https:\/\/web.ifac.edu.br\/reitora\/wp-content\/uploads\/sites\/30\/2018\/04\/mus_bis_cruzeiro-624x468.jpeg 624w, https:\/\/web.ifac.edu.br\/reitora\/wp-content\/uploads\/sites\/30\/2018\/04\/mus_bis_cruzeiro.jpeg 1280w\" sizes=\"(max-width: 625px) 100vw, 625px\" \/><\/p>\n<p><strong>Ambienta\u00e7\u00e3o<\/strong><\/p>\n<p><img decoding=\"async\" src=\"http:\/\/portal.ifac.edu.br\/images\/conteudo\/materias\/2018\/04-Abril\/cruzeiro-1.JPG\" width=\"400\" \/><\/p>\n<p>Entre os dias 17 e 18 de abril, servidores do campus Cruzeiro do Sul participaram do evento de ambienta\u00e7\u00e3o, organizado pela Diretoria Sist\u00eamica de Gest\u00e3o de Pessoas (Disgp). A atividade, que contou com a participa\u00e7\u00e3o de pr\u00f3-reitores e diretores sist\u00eamicos, que abordaram tem\u00e1ticas relacionadas \u00e0 cada unidade da institui\u00e7\u00e3o, ainda ser\u00e1 realizada em Xapuri, Tarauac\u00e1 e Sena Madureira.<\/p>\n<p>Conforme explica Rosana Cavalcante dos Santos, a ambienta\u00e7\u00e3o tem o objetivo de apresentar o Ifac, como tamb\u00e9m \u00e0 Rede Federal aos novos servidores da institui\u00e7\u00e3o. \u201cNos \u00faltimos anos aumentamos significativamente o nosso quadro de servidores. Poder estar junto com esses novos profissionais e falando um pouco mais sobre nosso Instituto \u00e9 primordial para o desenvolvimento de um bom trabalho\u201d.<\/p>\n<p><strong><img decoding=\"async\" src=\"http:\/\/portal.ifac.edu.br\/images\/conteudo\/materias\/2018\/04-Abril\/cruzeiro-2.jpg\" width=\"400\" \/><\/strong><\/p>\n<p><strong>Cola\u00e7\u00f5es de Grau<\/strong><\/p>\n<p>Para encerrar as atividades em Cruzeiro do Sul, tamb\u00e9m foram realizadas as cola\u00e7\u00f5es de grau dos cursos superiores de Tecnologia em Agroecologia e Processos Escolares, como tamb\u00e9m das Licenciaturas em F\u00edsica e Matem\u00e1tica.<\/p>\n<p>O evento, que aconteceu na noite do dia 17 de abril, contou com a participa\u00e7\u00e3o de familiares e amigos dos formandos.<\/p>\n","protected":false},"excerpt":{"rendered":"<p>Com objetivo de ampliar as a\u00e7\u00f5es em parceria no munic\u00edpio de Cruzeiro do Sul, o Instituto Federal do Acre assinou, no \u00faltimo dia 17 de abril, acordo de coopera\u00e7\u00e3o t\u00e9cnica com o 61\u00ba Batalh\u00e3o de Infantaria da Selva (61 BIS). O documento prev\u00ea a realiza\u00e7\u00e3o de cursos de aperfei\u00e7oamento para os militares do 61 BIS, [&hellip;]<\/p>\n","protected":false},"author":15,"featured_media":0,"comment_status":"open","ping_status":"open","sticky":false,"template":"","format":"standard","meta":{"footnotes":""},"categories":[2],"tags":[],"class_list":["post-4152","post","type-post","status-publish","format-standard","hentry","category-noticias"],"_links":{"self":[{"href":"https:\/\/web.ifac.edu.br\/reitora\/wp-json\/wp\/v2\/posts\/4152","targetHints":{"allow":["GET"]}}],"collection":[{"href":"https:\/\/web.ifac.edu.br\/reitora\/wp-json\/wp\/v2\/posts"}],"about":[{"href":"https:\/\/web.ifac.edu.br\/reitora\/wp-json\/wp\/v2\/types\/post"}],"author":[{"embeddable":true,"href":"https:\/\/web.ifac.edu.br\/reitora\/wp-json\/wp\/v2\/users\/15"}],"replies":[{"embeddable":true,"href":"https:\/\/web.ifac.edu.br\/reitora\/wp-json\/wp\/v2\/comments?post=4152"}],"version-history":[{"count":0,"href":"https:\/\/web.ifac.edu.br\/reitora\/wp-json\/wp\/v2\/posts\/4152\/revisions"}],"wp:attachment":[{"href":"https:\/\/web.ifac.edu.br\/reitora\/wp-json\/wp\/v2\/media?parent=4152"}],"wp:term":[{"taxonomy":"category","embeddable":true,"href":"https:\/\/web.ifac.edu.br\/reitora\/wp-json\/wp\/v2\/categories?post=4152"},{"taxonomy":"post_tag","embeddable":true,"href":"https:\/\/web.ifac.edu.br\/reitora\/wp-json\/wp\/v2\/tags?post=4152"}],"curies":[{"name":"wp","href":"https:\/\/api.w.org\/{rel}","templated":true}]}}