{"id":4150,"date":"2018-04-13T14:05:01","date_gmt":"2018-04-13T17:05:01","guid":{"rendered":"http:\/\/web.ifac.edu.br\/reitora\/?p=4150"},"modified":"2018-04-13T14:05:01","modified_gmt":"2018-04-13T17:05:01","slug":"prova-do-mestrado-em-educacao-profissional-e-tecnologica-sera-neste-domingo","status":"publish","type":"post","link":"https:\/\/web.ifac.edu.br\/reitora\/2018\/04\/13\/prova-do-mestrado-em-educacao-profissional-e-tecnologica-sera-neste-domingo\/","title":{"rendered":"Prova do Mestrado em Educa\u00e7\u00e3o Profissional e Tecnol\u00f3gica ser\u00e1 neste domingo"},"content":{"rendered":"<p><img decoding=\"async\" src=\"http:\/\/portal.ifac.edu.br\/images\/conteudo\/materias\/2018\/01-Janeiro\/mestrado_profept.jpg\" \/><br \/>\nO Instituto Federal do Acre (Ifac), atrav\u00e9s da Comiss\u00e3o Local de Exame Nacional, informa que a prova de sele\u00e7\u00e3o para o Mestrado Profissional em Educa\u00e7\u00e3o Profissional e Tecnol\u00f3gica (ProfEPT) acontecer\u00e1 neste domingo (15.04), a partir das 14h (hor\u00e1rio de Bras\u00edlia). O exame ser\u00e1 realizado na sede do Ifac, localizada no bairro Xavier Maia<\/p>\n<p>Saiba mais na pagina do evento:\u00a0http:\/\/portal.ifac.edu.br\/profept<\/p>\n","protected":false},"excerpt":{"rendered":"<p>O Instituto Federal do Acre (Ifac), atrav\u00e9s da Comiss\u00e3o Local de Exame Nacional, informa que a prova de sele\u00e7\u00e3o para o Mestrado Profissional em Educa\u00e7\u00e3o Profissional e Tecnol\u00f3gica (ProfEPT) acontecer\u00e1 neste domingo (15.04), a partir das 14h (hor\u00e1rio de Bras\u00edlia). O exame ser\u00e1 realizado na sede do Ifac, localizada no bairro Xavier Maia Saiba mais [&hellip;]<\/p>\n","protected":false},"author":15,"featured_media":0,"comment_status":"open","ping_status":"open","sticky":false,"template":"","format":"standard","meta":{"footnotes":""},"categories":[2],"tags":[],"class_list":["post-4150","post","type-post","status-publish","format-standard","hentry","category-noticias"],"_links":{"self":[{"href":"https:\/\/web.ifac.edu.br\/reitora\/wp-json\/wp\/v2\/posts\/4150","targetHints":{"allow":["GET"]}}],"collection":[{"href":"https:\/\/web.ifac.edu.br\/reitora\/wp-json\/wp\/v2\/posts"}],"about":[{"href":"https:\/\/web.ifac.edu.br\/reitora\/wp-json\/wp\/v2\/types\/post"}],"author":[{"embeddable":true,"href":"https:\/\/web.ifac.edu.br\/reitora\/wp-json\/wp\/v2\/users\/15"}],"replies":[{"embeddable":true,"href":"https:\/\/web.ifac.edu.br\/reitora\/wp-json\/wp\/v2\/comments?post=4150"}],"version-history":[{"count":0,"href":"https:\/\/web.ifac.edu.br\/reitora\/wp-json\/wp\/v2\/posts\/4150\/revisions"}],"wp:attachment":[{"href":"https:\/\/web.ifac.edu.br\/reitora\/wp-json\/wp\/v2\/media?parent=4150"}],"wp:term":[{"taxonomy":"category","embeddable":true,"href":"https:\/\/web.ifac.edu.br\/reitora\/wp-json\/wp\/v2\/categories?post=4150"},{"taxonomy":"post_tag","embeddable":true,"href":"https:\/\/web.ifac.edu.br\/reitora\/wp-json\/wp\/v2\/tags?post=4150"}],"curies":[{"name":"wp","href":"https:\/\/api.w.org\/{rel}","templated":true}]}}