{"id":4147,"date":"2018-04-05T13:49:32","date_gmt":"2018-04-05T16:49:32","guid":{"rendered":"http:\/\/web.ifac.edu.br\/reitora\/?p=4147"},"modified":"2018-04-13T14:10:35","modified_gmt":"2018-04-13T17:10:35","slug":"4147","status":"publish","type":"post","link":"https:\/\/web.ifac.edu.br\/reitora\/2018\/04\/05\/4147\/","title":{"rendered":"Ifac assina acordo de coopera\u00e7\u00e3o com Controladoria Geral da Uni\u00e3o"},"content":{"rendered":"<p><img decoding=\"async\" src=\"http:\/\/portal.ifac.edu.br\/images\/conteudo\/materias\/2018\/04-Abril\/DSC_0120-001.JPG\" alt=\"imagem sem descri\u00c3\u00a7\u00c3\u00a3o.\" \/><\/p>\n<p>Com objetivo de amplias as a\u00e7\u00f5es em parceria entre o Instituto Federal do Acre (Ifac) e a Controladoria Geral da Uni\u00e3o (CGU), assinei no dia 05 de abril, o termo de coopera\u00e7\u00e3o para o desenvolvimento de atividades e projetos voltados para a preven\u00e7\u00e3o \u00e0 corrup\u00e7\u00e3o e promo\u00e7\u00e3o da transpar\u00eancia e da \u00e9tica p\u00fablica.<\/p>\n<p>O documento, que tem vig\u00eancia de cinco anos, conta ainda com atividades que visam estimular a produ\u00e7\u00e3o de conhecimento atrav\u00e9s de pesquisas e eventos, que fomentem o controle social e o fortalecimento da gest\u00e3o p\u00fablica com maior efetividade na prote\u00e7\u00e3o dos recursos p\u00fablicos.<\/p>\n<p>&nbsp;<\/p>\n","protected":false},"excerpt":{"rendered":"<p>Com objetivo de amplias as a\u00e7\u00f5es em parceria entre o Instituto Federal do Acre (Ifac) e a Controladoria Geral da Uni\u00e3o (CGU), assinei no dia 05 de abril, o termo de coopera\u00e7\u00e3o para o desenvolvimento de atividades e projetos voltados para a preven\u00e7\u00e3o \u00e0 corrup\u00e7\u00e3o e promo\u00e7\u00e3o da transpar\u00eancia e da \u00e9tica p\u00fablica. O documento, [&hellip;]<\/p>\n","protected":false},"author":15,"featured_media":0,"comment_status":"open","ping_status":"open","sticky":false,"template":"","format":"standard","meta":{"footnotes":""},"categories":[2],"tags":[],"class_list":["post-4147","post","type-post","status-publish","format-standard","hentry","category-noticias"],"_links":{"self":[{"href":"https:\/\/web.ifac.edu.br\/reitora\/wp-json\/wp\/v2\/posts\/4147","targetHints":{"allow":["GET"]}}],"collection":[{"href":"https:\/\/web.ifac.edu.br\/reitora\/wp-json\/wp\/v2\/posts"}],"about":[{"href":"https:\/\/web.ifac.edu.br\/reitora\/wp-json\/wp\/v2\/types\/post"}],"author":[{"embeddable":true,"href":"https:\/\/web.ifac.edu.br\/reitora\/wp-json\/wp\/v2\/users\/15"}],"replies":[{"embeddable":true,"href":"https:\/\/web.ifac.edu.br\/reitora\/wp-json\/wp\/v2\/comments?post=4147"}],"version-history":[{"count":0,"href":"https:\/\/web.ifac.edu.br\/reitora\/wp-json\/wp\/v2\/posts\/4147\/revisions"}],"wp:attachment":[{"href":"https:\/\/web.ifac.edu.br\/reitora\/wp-json\/wp\/v2\/media?parent=4147"}],"wp:term":[{"taxonomy":"category","embeddable":true,"href":"https:\/\/web.ifac.edu.br\/reitora\/wp-json\/wp\/v2\/categories?post=4147"},{"taxonomy":"post_tag","embeddable":true,"href":"https:\/\/web.ifac.edu.br\/reitora\/wp-json\/wp\/v2\/tags?post=4147"}],"curies":[{"name":"wp","href":"https:\/\/api.w.org\/{rel}","templated":true}]}}