{"id":4139,"date":"2018-03-23T17:33:01","date_gmt":"2018-03-23T20:33:01","guid":{"rendered":"http:\/\/web.ifac.edu.br\/reitora\/?p=4139"},"modified":"2018-03-23T19:39:56","modified_gmt":"2018-03-23T22:39:56","slug":"visita-do-deputado-siba-machado","status":"publish","type":"post","link":"https:\/\/web.ifac.edu.br\/reitora\/2018\/03\/23\/visita-do-deputado-siba-machado\/","title":{"rendered":"Visita do deputado Sib\u00e1 Machado"},"content":{"rendered":"<p><img fetchpriority=\"high\" decoding=\"async\" class=\"alignnone wp-image-4141 size-large\" src=\"http:\/\/web.ifac.edu.br\/reitora\/wp-content\/uploads\/sites\/30\/2018\/03\/DSC_0109-001-1024x515.jpg\" alt=\"\" width=\"625\" height=\"314\" srcset=\"https:\/\/web.ifac.edu.br\/reitora\/wp-content\/uploads\/sites\/30\/2018\/03\/DSC_0109-001-1024x515.jpg 1024w, https:\/\/web.ifac.edu.br\/reitora\/wp-content\/uploads\/sites\/30\/2018\/03\/DSC_0109-001-300x151.jpg 300w, https:\/\/web.ifac.edu.br\/reitora\/wp-content\/uploads\/sites\/30\/2018\/03\/DSC_0109-001-768x386.jpg 768w, https:\/\/web.ifac.edu.br\/reitora\/wp-content\/uploads\/sites\/30\/2018\/03\/DSC_0109-001-624x314.jpg 624w\" sizes=\"(max-width: 625px) 100vw, 625px\" \/><\/p>\n<p>Nesta sexta-feira (23.03), eu e equipe gestora do Ifac recebemos a visita do deputado Sib\u00e1 Machado, que veio nos refor\u00e7ar que seu mandato est\u00e1 \u00e0 disposi\u00e7\u00e3o da institui\u00e7\u00e3o. Este momento foi muito importante, pois solicitamos a ele para que, juntamente com a bancada do Acre, destine a Emenda Impositiva de Bancada do ano de 2019 para o nosso Instituto.<\/p>\n<p><img decoding=\"async\" class=\"size-medium wp-image-4140 alignleft\" src=\"http:\/\/web.ifac.edu.br\/reitora\/wp-content\/uploads\/sites\/30\/2018\/03\/DSC_0102-002-300x201.jpg\" alt=\"\" width=\"300\" height=\"201\" srcset=\"https:\/\/web.ifac.edu.br\/reitora\/wp-content\/uploads\/sites\/30\/2018\/03\/DSC_0102-002-300x201.jpg 300w, https:\/\/web.ifac.edu.br\/reitora\/wp-content\/uploads\/sites\/30\/2018\/03\/DSC_0102-002-768x514.jpg 768w, https:\/\/web.ifac.edu.br\/reitora\/wp-content\/uploads\/sites\/30\/2018\/03\/DSC_0102-002-1024x685.jpg 1024w, https:\/\/web.ifac.edu.br\/reitora\/wp-content\/uploads\/sites\/30\/2018\/03\/DSC_0102-002-624x418.jpg 624w\" sizes=\"(max-width: 300px) 100vw, 300px\" \/><\/p>\n<p>Ainda durante o encontro tive a oportunidade de\u00a0agradecer o deputado pelo compromisso com a educa\u00e7\u00e3o cient\u00edfica e tecnol\u00f3gica no Acre e tamb\u00e9m no Brasil. E para que ele pudesse conhecer um pouco mais do hist\u00f3rico dos Instituto Federais, o presenteei a primeira obra da Rede Federal, o livro &#8220;Pesquisa, P\u00f3s Gradua\u00e7\u00e3o e Inova\u00e7\u00e3o na Rede Federal de Educa\u00e7\u00e3o Profissional, Cient\u00edfica e Tecnol\u00f3gica&#8221;.<\/p>\n","protected":false},"excerpt":{"rendered":"<p>Nesta sexta-feira (23.03), eu e equipe gestora do Ifac recebemos a visita do deputado Sib\u00e1 Machado, que veio nos refor\u00e7ar que seu mandato est\u00e1 \u00e0 disposi\u00e7\u00e3o da institui\u00e7\u00e3o. Este momento foi muito importante, pois solicitamos a ele para que, juntamente com a bancada do Acre, destine a Emenda Impositiva de Bancada do ano de 2019 [&hellip;]<\/p>\n","protected":false},"author":27,"featured_media":0,"comment_status":"open","ping_status":"open","sticky":false,"template":"","format":"standard","meta":{"footnotes":""},"categories":[2],"tags":[],"class_list":["post-4139","post","type-post","status-publish","format-standard","hentry","category-noticias"],"_links":{"self":[{"href":"https:\/\/web.ifac.edu.br\/reitora\/wp-json\/wp\/v2\/posts\/4139","targetHints":{"allow":["GET"]}}],"collection":[{"href":"https:\/\/web.ifac.edu.br\/reitora\/wp-json\/wp\/v2\/posts"}],"about":[{"href":"https:\/\/web.ifac.edu.br\/reitora\/wp-json\/wp\/v2\/types\/post"}],"author":[{"embeddable":true,"href":"https:\/\/web.ifac.edu.br\/reitora\/wp-json\/wp\/v2\/users\/27"}],"replies":[{"embeddable":true,"href":"https:\/\/web.ifac.edu.br\/reitora\/wp-json\/wp\/v2\/comments?post=4139"}],"version-history":[{"count":0,"href":"https:\/\/web.ifac.edu.br\/reitora\/wp-json\/wp\/v2\/posts\/4139\/revisions"}],"wp:attachment":[{"href":"https:\/\/web.ifac.edu.br\/reitora\/wp-json\/wp\/v2\/media?parent=4139"}],"wp:term":[{"taxonomy":"category","embeddable":true,"href":"https:\/\/web.ifac.edu.br\/reitora\/wp-json\/wp\/v2\/categories?post=4139"},{"taxonomy":"post_tag","embeddable":true,"href":"https:\/\/web.ifac.edu.br\/reitora\/wp-json\/wp\/v2\/tags?post=4139"}],"curies":[{"name":"wp","href":"https:\/\/api.w.org\/{rel}","templated":true}]}}