{"id":4131,"date":"2018-03-21T07:45:57","date_gmt":"2018-03-21T10:45:57","guid":{"rendered":"http:\/\/web.ifac.edu.br\/reitora\/?p=4131"},"modified":"2018-03-21T14:06:15","modified_gmt":"2018-03-21T17:06:15","slug":"ambientacao-de-servidores-rio-branco","status":"publish","type":"post","link":"https:\/\/web.ifac.edu.br\/reitora\/2018\/03\/21\/ambientacao-de-servidores-rio-branco\/","title":{"rendered":"Ambienta\u00e7\u00e3o de servidores &#8211; Rio Branco"},"content":{"rendered":"<p><img fetchpriority=\"high\" decoding=\"async\" class=\"alignnone wp-image-4132 size-large\" src=\"http:\/\/web.ifac.edu.br\/reitora\/wp-content\/uploads\/sites\/30\/2018\/03\/DSC_0142-001-1024x600.jpg\" alt=\"\" width=\"625\" height=\"366\" srcset=\"https:\/\/web.ifac.edu.br\/reitora\/wp-content\/uploads\/sites\/30\/2018\/03\/DSC_0142-001-1024x600.jpg 1024w, https:\/\/web.ifac.edu.br\/reitora\/wp-content\/uploads\/sites\/30\/2018\/03\/DSC_0142-001-300x176.jpg 300w, https:\/\/web.ifac.edu.br\/reitora\/wp-content\/uploads\/sites\/30\/2018\/03\/DSC_0142-001-768x450.jpg 768w, https:\/\/web.ifac.edu.br\/reitora\/wp-content\/uploads\/sites\/30\/2018\/03\/DSC_0142-001-624x366.jpg 624w\" sizes=\"(max-width: 625px) 100vw, 625px\" \/><\/p>\n<p>Nos \u00faltimos tr\u00eas anos, aumentamos significativamente o quadro de profissionais no Instituto Federal do Acre (Ifac). O ingresso de novos servidores trouxe mais qualidade ao ensino de nossos alunos, como tamb\u00e9m \u00e0s atividades para a comunidade.<\/p>\n<p><img decoding=\"async\" class=\"size-medium wp-image-4133 alignleft\" src=\"http:\/\/web.ifac.edu.br\/reitora\/wp-content\/uploads\/sites\/30\/2018\/03\/DSC_0175-001-300x180.jpg\" alt=\"\" width=\"300\" height=\"180\" srcset=\"https:\/\/web.ifac.edu.br\/reitora\/wp-content\/uploads\/sites\/30\/2018\/03\/DSC_0175-001-300x180.jpg 300w, https:\/\/web.ifac.edu.br\/reitora\/wp-content\/uploads\/sites\/30\/2018\/03\/DSC_0175-001-768x462.jpg 768w, https:\/\/web.ifac.edu.br\/reitora\/wp-content\/uploads\/sites\/30\/2018\/03\/DSC_0175-001-1024x616.jpg 1024w, https:\/\/web.ifac.edu.br\/reitora\/wp-content\/uploads\/sites\/30\/2018\/03\/DSC_0175-001-624x375.jpg 624w\" sizes=\"(max-width: 300px) 100vw, 300px\" \/><\/p>\n<p>Nesta ter\u00e7a-feira (20.03), iniciamos um trabalho de ambienta\u00e7\u00e3o para estes profissionais. Entender como o Ifac se constitui \u00e9 essencial para que a gente continue melhorando.<\/p>\n<p>O encontro, que est\u00e1 sendo organizado pela Diretoria Sist\u00eamica de Gest\u00e3o de Pessoas, atrav\u00e9s da Coordena\u00e7\u00e3o de Aten\u00e7\u00e3o \u00e0 Sa\u00fade e Qualidade de Vida, come\u00e7ou com os servidores dos campi Avan\u00e7ado Baixada do Sol, Rio Branco e unidades da Reitoria, mas se estender\u00e1 a todas as unidades do Ifac.<\/p>\n","protected":false},"excerpt":{"rendered":"<p>Nos \u00faltimos tr\u00eas anos, aumentamos significativamente o quadro de profissionais no Instituto Federal do Acre (Ifac). O ingresso de novos servidores trouxe mais qualidade ao ensino de nossos alunos, como tamb\u00e9m \u00e0s atividades para a comunidade. Nesta ter\u00e7a-feira (20.03), iniciamos um trabalho de ambienta\u00e7\u00e3o para estes profissionais. Entender como o Ifac se constitui \u00e9 essencial [&hellip;]<\/p>\n","protected":false},"author":27,"featured_media":0,"comment_status":"open","ping_status":"open","sticky":false,"template":"","format":"standard","meta":{"footnotes":""},"categories":[2],"tags":[],"class_list":["post-4131","post","type-post","status-publish","format-standard","hentry","category-noticias"],"_links":{"self":[{"href":"https:\/\/web.ifac.edu.br\/reitora\/wp-json\/wp\/v2\/posts\/4131","targetHints":{"allow":["GET"]}}],"collection":[{"href":"https:\/\/web.ifac.edu.br\/reitora\/wp-json\/wp\/v2\/posts"}],"about":[{"href":"https:\/\/web.ifac.edu.br\/reitora\/wp-json\/wp\/v2\/types\/post"}],"author":[{"embeddable":true,"href":"https:\/\/web.ifac.edu.br\/reitora\/wp-json\/wp\/v2\/users\/27"}],"replies":[{"embeddable":true,"href":"https:\/\/web.ifac.edu.br\/reitora\/wp-json\/wp\/v2\/comments?post=4131"}],"version-history":[{"count":0,"href":"https:\/\/web.ifac.edu.br\/reitora\/wp-json\/wp\/v2\/posts\/4131\/revisions"}],"wp:attachment":[{"href":"https:\/\/web.ifac.edu.br\/reitora\/wp-json\/wp\/v2\/media?parent=4131"}],"wp:term":[{"taxonomy":"category","embeddable":true,"href":"https:\/\/web.ifac.edu.br\/reitora\/wp-json\/wp\/v2\/categories?post=4131"},{"taxonomy":"post_tag","embeddable":true,"href":"https:\/\/web.ifac.edu.br\/reitora\/wp-json\/wp\/v2\/tags?post=4131"}],"curies":[{"name":"wp","href":"https:\/\/api.w.org\/{rel}","templated":true}]}}