{"id":4124,"date":"2018-03-19T17:35:56","date_gmt":"2018-03-19T20:35:56","guid":{"rendered":"http:\/\/web.ifac.edu.br\/reitora\/?p=4124"},"modified":"2018-03-19T19:37:02","modified_gmt":"2018-03-19T22:37:02","slug":"campanha-em-prol-dos-refugiados-da-venezuela","status":"publish","type":"post","link":"https:\/\/web.ifac.edu.br\/reitora\/2018\/03\/19\/campanha-em-prol-dos-refugiados-da-venezuela\/","title":{"rendered":"Campanha em prol dos refugiados da Venezuela"},"content":{"rendered":"<p><img fetchpriority=\"high\" decoding=\"async\" class=\"alignnone wp-image-4125 size-large\" src=\"http:\/\/web.ifac.edu.br\/reitora\/wp-content\/uploads\/sites\/30\/2018\/03\/DSC_0038-1024x683.jpg\" alt=\"\" width=\"625\" height=\"417\" srcset=\"https:\/\/web.ifac.edu.br\/reitora\/wp-content\/uploads\/sites\/30\/2018\/03\/DSC_0038-1024x683.jpg 1024w, https:\/\/web.ifac.edu.br\/reitora\/wp-content\/uploads\/sites\/30\/2018\/03\/DSC_0038-300x200.jpg 300w, https:\/\/web.ifac.edu.br\/reitora\/wp-content\/uploads\/sites\/30\/2018\/03\/DSC_0038-768x512.jpg 768w, https:\/\/web.ifac.edu.br\/reitora\/wp-content\/uploads\/sites\/30\/2018\/03\/DSC_0038-624x416.jpg 624w\" sizes=\"(max-width: 625px) 100vw, 625px\" \/><\/p>\n<p>Ajudar o pr\u00f3ximo tamb\u00e9m \u00e9 muito importante para termos uma sociedade melhor. E hoje encerrei o dia recebendo os representante da Grande Loja Ma\u00e7\u00f4nica do Acre (GLEAC).<\/p>\n<p>Junto com a Grande Loja Ma\u00e7\u00f4nica de Roraima, o Acre est\u00e1 desenvolvendo uma campanha de arrecada\u00e7\u00e3o em prol dos refugiados da Venezuela. Agora, oficialmente, tamb\u00e9m somos parceiros desta causa.<\/p>\n<p>Nos pr\u00f3ximos dias teremos pontos de coletas, em todas as unidades do Ifac, com objetivo de arrecadar alimentos, roupas<span class=\"text_exposed_show\">, rem\u00e9dios, itens de higiene. J\u00e1 s\u00e3o mais de 40 mil refugiados que est\u00e3o instalados em Roraima. Queremos e vamos ajudar!<\/span><\/p>\n<div class=\"text_exposed_show\">\n<p>As doa\u00e7\u00f5es poder\u00e3o ser entregues nas unidades do Ifac em Cruzeiro do Sul, Rio Branco, Sena Madureira, Tarauac\u00e1 e Xapuri. Com um pouquinho de cada um, tenho certeza que, vamos conseguir mais.<\/p>\n<\/div>\n","protected":false},"excerpt":{"rendered":"<p>Ajudar o pr\u00f3ximo tamb\u00e9m \u00e9 muito importante para termos uma sociedade melhor. E hoje encerrei o dia recebendo os representante da Grande Loja Ma\u00e7\u00f4nica do Acre (GLEAC). Junto com a Grande Loja Ma\u00e7\u00f4nica de Roraima, o Acre est\u00e1 desenvolvendo uma campanha de arrecada\u00e7\u00e3o em prol dos refugiados da Venezuela. Agora, oficialmente, tamb\u00e9m somos parceiros desta [&hellip;]<\/p>\n","protected":false},"author":27,"featured_media":0,"comment_status":"open","ping_status":"open","sticky":false,"template":"","format":"standard","meta":{"footnotes":""},"categories":[2],"tags":[],"class_list":["post-4124","post","type-post","status-publish","format-standard","hentry","category-noticias"],"_links":{"self":[{"href":"https:\/\/web.ifac.edu.br\/reitora\/wp-json\/wp\/v2\/posts\/4124","targetHints":{"allow":["GET"]}}],"collection":[{"href":"https:\/\/web.ifac.edu.br\/reitora\/wp-json\/wp\/v2\/posts"}],"about":[{"href":"https:\/\/web.ifac.edu.br\/reitora\/wp-json\/wp\/v2\/types\/post"}],"author":[{"embeddable":true,"href":"https:\/\/web.ifac.edu.br\/reitora\/wp-json\/wp\/v2\/users\/27"}],"replies":[{"embeddable":true,"href":"https:\/\/web.ifac.edu.br\/reitora\/wp-json\/wp\/v2\/comments?post=4124"}],"version-history":[{"count":0,"href":"https:\/\/web.ifac.edu.br\/reitora\/wp-json\/wp\/v2\/posts\/4124\/revisions"}],"wp:attachment":[{"href":"https:\/\/web.ifac.edu.br\/reitora\/wp-json\/wp\/v2\/media?parent=4124"}],"wp:term":[{"taxonomy":"category","embeddable":true,"href":"https:\/\/web.ifac.edu.br\/reitora\/wp-json\/wp\/v2\/categories?post=4124"},{"taxonomy":"post_tag","embeddable":true,"href":"https:\/\/web.ifac.edu.br\/reitora\/wp-json\/wp\/v2\/tags?post=4124"}],"curies":[{"name":"wp","href":"https:\/\/api.w.org\/{rel}","templated":true}]}}