{"id":4117,"date":"2018-03-16T14:17:57","date_gmt":"2018-03-16T17:17:57","guid":{"rendered":"http:\/\/web.ifac.edu.br\/reitora\/?p=4117"},"modified":"2018-03-16T16:38:03","modified_gmt":"2018-03-16T19:38:03","slug":"delegacao-da-nova-em-rio-branco-e-xapuri","status":"publish","type":"post","link":"https:\/\/web.ifac.edu.br\/reitora\/2018\/03\/16\/delegacao-da-nova-em-rio-branco-e-xapuri\/","title":{"rendered":"Delega\u00e7\u00e3o da NOVA em Rio Branco e Xapuri"},"content":{"rendered":"<p><img fetchpriority=\"high\" decoding=\"async\" class=\"aligncenter wp-image-4118 size-large\" src=\"http:\/\/web.ifac.edu.br\/reitora\/wp-content\/uploads\/sites\/30\/2018\/03\/DSC_0167-1024x683.jpg\" alt=\"\" width=\"625\" height=\"417\" srcset=\"https:\/\/web.ifac.edu.br\/reitora\/wp-content\/uploads\/sites\/30\/2018\/03\/DSC_0167-1024x683.jpg 1024w, https:\/\/web.ifac.edu.br\/reitora\/wp-content\/uploads\/sites\/30\/2018\/03\/DSC_0167-300x200.jpg 300w, https:\/\/web.ifac.edu.br\/reitora\/wp-content\/uploads\/sites\/30\/2018\/03\/DSC_0167-768x512.jpg 768w, https:\/\/web.ifac.edu.br\/reitora\/wp-content\/uploads\/sites\/30\/2018\/03\/DSC_0167-624x416.jpg 624w\" sizes=\"(max-width: 625px) 100vw, 625px\" \/><\/p>\n<p>Para conhecer as a\u00e7\u00f5es e projetos desenvolvidos pelo Ifac, a delega\u00e7\u00e3o da Northern Virginia Community College (NOVA) conheceu os campi Avan\u00e7ado Baixada do Sol, Rio Branco e Xapuri. Durante as visitas, recebemos a not\u00edcia de que novas atividades poder\u00e3o ser feitas entre o Ifac e a NOVA!<\/p>\n<p>Tenho certeza que essa parceria ir\u00e1 proporcionar novos interc\u00e2mbios aos estudantes e servidores do Instituto Federal do Acre, como tamb\u00e9m a recep\u00e7\u00e3o de alunos dos Estados Unidos no Acre.<\/p>\n","protected":false},"excerpt":{"rendered":"<p>Para conhecer as a\u00e7\u00f5es e projetos desenvolvidos pelo Ifac, a delega\u00e7\u00e3o da Northern Virginia Community College (NOVA) conheceu os campi Avan\u00e7ado Baixada do Sol, Rio Branco e Xapuri. Durante as visitas, recebemos a not\u00edcia de que novas atividades poder\u00e3o ser feitas entre o Ifac e a NOVA! Tenho certeza que essa parceria ir\u00e1 proporcionar novos [&hellip;]<\/p>\n","protected":false},"author":27,"featured_media":0,"comment_status":"open","ping_status":"open","sticky":false,"template":"","format":"standard","meta":{"footnotes":""},"categories":[2],"tags":[],"class_list":["post-4117","post","type-post","status-publish","format-standard","hentry","category-noticias"],"_links":{"self":[{"href":"https:\/\/web.ifac.edu.br\/reitora\/wp-json\/wp\/v2\/posts\/4117","targetHints":{"allow":["GET"]}}],"collection":[{"href":"https:\/\/web.ifac.edu.br\/reitora\/wp-json\/wp\/v2\/posts"}],"about":[{"href":"https:\/\/web.ifac.edu.br\/reitora\/wp-json\/wp\/v2\/types\/post"}],"author":[{"embeddable":true,"href":"https:\/\/web.ifac.edu.br\/reitora\/wp-json\/wp\/v2\/users\/27"}],"replies":[{"embeddable":true,"href":"https:\/\/web.ifac.edu.br\/reitora\/wp-json\/wp\/v2\/comments?post=4117"}],"version-history":[{"count":0,"href":"https:\/\/web.ifac.edu.br\/reitora\/wp-json\/wp\/v2\/posts\/4117\/revisions"}],"wp:attachment":[{"href":"https:\/\/web.ifac.edu.br\/reitora\/wp-json\/wp\/v2\/media?parent=4117"}],"wp:term":[{"taxonomy":"category","embeddable":true,"href":"https:\/\/web.ifac.edu.br\/reitora\/wp-json\/wp\/v2\/categories?post=4117"},{"taxonomy":"post_tag","embeddable":true,"href":"https:\/\/web.ifac.edu.br\/reitora\/wp-json\/wp\/v2\/tags?post=4117"}],"curies":[{"name":"wp","href":"https:\/\/api.w.org\/{rel}","templated":true}]}}