{"id":4107,"date":"2018-03-13T18:28:49","date_gmt":"2018-03-13T21:28:49","guid":{"rendered":"http:\/\/web.ifac.edu.br\/reitora\/?p=4107"},"modified":"2018-03-13T20:30:57","modified_gmt":"2018-03-13T23:30:57","slug":"visita-da-nova-nos-campi-baixada-do-sol-e-rio-branco","status":"publish","type":"post","link":"https:\/\/web.ifac.edu.br\/reitora\/2018\/03\/13\/visita-da-nova-nos-campi-baixada-do-sol-e-rio-branco\/","title":{"rendered":"Visita da NOVA nos campi Baixada do Sol e Rio Branco"},"content":{"rendered":"<p><img fetchpriority=\"high\" decoding=\"async\" class=\"alignnone wp-image-4108 size-large\" src=\"http:\/\/web.ifac.edu.br\/reitora\/wp-content\/uploads\/sites\/30\/2018\/03\/DSC_0056-3-1024x683.jpg\" alt=\"\" width=\"625\" height=\"417\" srcset=\"https:\/\/web.ifac.edu.br\/reitora\/wp-content\/uploads\/sites\/30\/2018\/03\/DSC_0056-3-1024x683.jpg 1024w, https:\/\/web.ifac.edu.br\/reitora\/wp-content\/uploads\/sites\/30\/2018\/03\/DSC_0056-3-300x200.jpg 300w, https:\/\/web.ifac.edu.br\/reitora\/wp-content\/uploads\/sites\/30\/2018\/03\/DSC_0056-3-768x512.jpg 768w, https:\/\/web.ifac.edu.br\/reitora\/wp-content\/uploads\/sites\/30\/2018\/03\/DSC_0056-3-624x416.jpg 624w\" sizes=\"(max-width: 625px) 100vw, 625px\" \/><\/p>\n<p>Estamos apresentando a cada dia um pouco mais do Ifac aos profissionais da NOVA. E as atividades est\u00e3o sendo bastante proveitosas.<\/p>\n<p><img decoding=\"async\" class=\"aligncenter wp-image-4111 size-large\" src=\"http:\/\/web.ifac.edu.br\/reitora\/wp-content\/uploads\/sites\/30\/2018\/03\/DSC_0062-1024x683.jpg\" alt=\"\" width=\"625\" height=\"417\" srcset=\"https:\/\/web.ifac.edu.br\/reitora\/wp-content\/uploads\/sites\/30\/2018\/03\/DSC_0062-1024x683.jpg 1024w, https:\/\/web.ifac.edu.br\/reitora\/wp-content\/uploads\/sites\/30\/2018\/03\/DSC_0062-300x200.jpg 300w, https:\/\/web.ifac.edu.br\/reitora\/wp-content\/uploads\/sites\/30\/2018\/03\/DSC_0062-768x512.jpg 768w, https:\/\/web.ifac.edu.br\/reitora\/wp-content\/uploads\/sites\/30\/2018\/03\/DSC_0062-624x416.jpg 624w\" sizes=\"(max-width: 625px) 100vw, 625px\" \/><\/p>\n<p>Nos campi Avan\u00e7ado Baixada do Sol e Rio Branco pudemos mostrar os trabalhos de extens\u00e3o que s\u00e3o desenvolvidos por nossos professores, t\u00e9cnicos e estudantes.<\/p>\n<p>Al\u00e9m disso, eles tamb\u00e9m tiveram oportunidade de conversar com nossos docentes para trocar experi\u00eancias e assim come\u00e7armos a constru\u00e7\u00e3o de projetos conjuntos, pensando at\u00e9 mesmo em novos interc\u00e2mbios para os Estados Unidos.<\/p>\n<p>Nesta quarta-feira (14.03) nossa agenda ser\u00e1 em Xapuri, onde poderemos mostrar mais das nossas produ\u00e7\u00f5es, pesquisas e atividades de ensino.<\/p>\n<p><img decoding=\"async\" class=\"aligncenter wp-image-4112 size-large\" src=\"http:\/\/web.ifac.edu.br\/reitora\/wp-content\/uploads\/sites\/30\/2018\/03\/DSC_0075-1024x683.jpg\" alt=\"\" width=\"625\" height=\"417\" srcset=\"https:\/\/web.ifac.edu.br\/reitora\/wp-content\/uploads\/sites\/30\/2018\/03\/DSC_0075-1024x683.jpg 1024w, https:\/\/web.ifac.edu.br\/reitora\/wp-content\/uploads\/sites\/30\/2018\/03\/DSC_0075-300x200.jpg 300w, https:\/\/web.ifac.edu.br\/reitora\/wp-content\/uploads\/sites\/30\/2018\/03\/DSC_0075-768x512.jpg 768w, https:\/\/web.ifac.edu.br\/reitora\/wp-content\/uploads\/sites\/30\/2018\/03\/DSC_0075-624x416.jpg 624w\" sizes=\"(max-width: 625px) 100vw, 625px\" \/><img loading=\"lazy\" decoding=\"async\" class=\"aligncenter wp-image-4109 size-large\" src=\"http:\/\/web.ifac.edu.br\/reitora\/wp-content\/uploads\/sites\/30\/2018\/03\/DSC_0075-2-1024x683.jpg\" alt=\"\" width=\"625\" height=\"417\" srcset=\"https:\/\/web.ifac.edu.br\/reitora\/wp-content\/uploads\/sites\/30\/2018\/03\/DSC_0075-2-1024x683.jpg 1024w, https:\/\/web.ifac.edu.br\/reitora\/wp-content\/uploads\/sites\/30\/2018\/03\/DSC_0075-2-300x200.jpg 300w, https:\/\/web.ifac.edu.br\/reitora\/wp-content\/uploads\/sites\/30\/2018\/03\/DSC_0075-2-768x512.jpg 768w, https:\/\/web.ifac.edu.br\/reitora\/wp-content\/uploads\/sites\/30\/2018\/03\/DSC_0075-2-624x416.jpg 624w\" sizes=\"(max-width: 625px) 100vw, 625px\" \/><\/p>\n<p>&nbsp;<\/p>\n","protected":false},"excerpt":{"rendered":"<p>Estamos apresentando a cada dia um pouco mais do Ifac aos profissionais da NOVA. E as atividades est\u00e3o sendo bastante proveitosas. Nos campi Avan\u00e7ado Baixada do Sol e Rio Branco pudemos mostrar os trabalhos de extens\u00e3o que s\u00e3o desenvolvidos por nossos professores, t\u00e9cnicos e estudantes. Al\u00e9m disso, eles tamb\u00e9m tiveram oportunidade de conversar com nossos [&hellip;]<\/p>\n","protected":false},"author":27,"featured_media":0,"comment_status":"open","ping_status":"open","sticky":false,"template":"","format":"standard","meta":{"footnotes":""},"categories":[2],"tags":[],"class_list":["post-4107","post","type-post","status-publish","format-standard","hentry","category-noticias"],"_links":{"self":[{"href":"https:\/\/web.ifac.edu.br\/reitora\/wp-json\/wp\/v2\/posts\/4107","targetHints":{"allow":["GET"]}}],"collection":[{"href":"https:\/\/web.ifac.edu.br\/reitora\/wp-json\/wp\/v2\/posts"}],"about":[{"href":"https:\/\/web.ifac.edu.br\/reitora\/wp-json\/wp\/v2\/types\/post"}],"author":[{"embeddable":true,"href":"https:\/\/web.ifac.edu.br\/reitora\/wp-json\/wp\/v2\/users\/27"}],"replies":[{"embeddable":true,"href":"https:\/\/web.ifac.edu.br\/reitora\/wp-json\/wp\/v2\/comments?post=4107"}],"version-history":[{"count":0,"href":"https:\/\/web.ifac.edu.br\/reitora\/wp-json\/wp\/v2\/posts\/4107\/revisions"}],"wp:attachment":[{"href":"https:\/\/web.ifac.edu.br\/reitora\/wp-json\/wp\/v2\/media?parent=4107"}],"wp:term":[{"taxonomy":"category","embeddable":true,"href":"https:\/\/web.ifac.edu.br\/reitora\/wp-json\/wp\/v2\/categories?post=4107"},{"taxonomy":"post_tag","embeddable":true,"href":"https:\/\/web.ifac.edu.br\/reitora\/wp-json\/wp\/v2\/tags?post=4107"}],"curies":[{"name":"wp","href":"https:\/\/api.w.org\/{rel}","templated":true}]}}