{"id":4093,"date":"2018-03-09T13:12:48","date_gmt":"2018-03-09T16:12:48","guid":{"rendered":"http:\/\/web.ifac.edu.br\/reitora\/?p=4093"},"modified":"2018-03-09T15:18:30","modified_gmt":"2018-03-09T18:18:30","slug":"solenidade-de-filiacao-na-sbpc","status":"publish","type":"post","link":"https:\/\/web.ifac.edu.br\/reitora\/2018\/03\/09\/solenidade-de-filiacao-na-sbpc\/","title":{"rendered":"Solenidade de filia\u00e7\u00e3o na SBPC"},"content":{"rendered":"<p><img fetchpriority=\"high\" decoding=\"async\" class=\"alignnone size-large wp-image-4094\" src=\"http:\/\/web.ifac.edu.br\/reitora\/wp-content\/uploads\/sites\/30\/2018\/03\/IMG-20180309-WA0017-1024x768.jpg\" alt=\"\" width=\"625\" height=\"469\" srcset=\"https:\/\/web.ifac.edu.br\/reitora\/wp-content\/uploads\/sites\/30\/2018\/03\/IMG-20180309-WA0017-1024x768.jpg 1024w, https:\/\/web.ifac.edu.br\/reitora\/wp-content\/uploads\/sites\/30\/2018\/03\/IMG-20180309-WA0017-300x225.jpg 300w, https:\/\/web.ifac.edu.br\/reitora\/wp-content\/uploads\/sites\/30\/2018\/03\/IMG-20180309-WA0017-768x576.jpg 768w, https:\/\/web.ifac.edu.br\/reitora\/wp-content\/uploads\/sites\/30\/2018\/03\/IMG-20180309-WA0017-624x468.jpg 624w, https:\/\/web.ifac.edu.br\/reitora\/wp-content\/uploads\/sites\/30\/2018\/03\/IMG-20180309-WA0017.jpg 1280w\" sizes=\"(max-width: 625px) 100vw, 625px\" \/><\/p>\n<p>Para fechar a semana de trabalhos, estive na manh\u00e3 desta sexta-feira (09.03), na solenidade de filia\u00e7\u00e3o junto \u00e0 Sociedade Brasileira para o Progresso da Ci\u00eancia (SBPC).<\/p>\n<p><img decoding=\"async\" class=\"size-medium wp-image-4095 alignleft\" src=\"http:\/\/web.ifac.edu.br\/reitora\/wp-content\/uploads\/sites\/30\/2018\/03\/IMG-20180309-WA0016-300x225.jpg\" alt=\"\" width=\"300\" height=\"225\" srcset=\"https:\/\/web.ifac.edu.br\/reitora\/wp-content\/uploads\/sites\/30\/2018\/03\/IMG-20180309-WA0016-300x225.jpg 300w, https:\/\/web.ifac.edu.br\/reitora\/wp-content\/uploads\/sites\/30\/2018\/03\/IMG-20180309-WA0016-768x576.jpg 768w, https:\/\/web.ifac.edu.br\/reitora\/wp-content\/uploads\/sites\/30\/2018\/03\/IMG-20180309-WA0016-1024x768.jpg 1024w, https:\/\/web.ifac.edu.br\/reitora\/wp-content\/uploads\/sites\/30\/2018\/03\/IMG-20180309-WA0016-624x468.jpg 624w, https:\/\/web.ifac.edu.br\/reitora\/wp-content\/uploads\/sites\/30\/2018\/03\/IMG-20180309-WA0016.jpg 1280w\" sizes=\"(max-width: 300px) 100vw, 300px\" \/><\/p>\n<p>Junto com demais autoridades e membros da \u00e1rea cient\u00edfica, pude falar um pouco sobre o meu orgulho em rela\u00e7\u00e3o ao sucesso dos alunos e ex-alunos, como tamb\u00e9m do protagonismo do Instituto Federal do Acre, que \u00e9 fruto de uma pol\u00edtica de valoriza\u00e7\u00e3o e de investimentos.<\/p>\n<p><img decoding=\"async\" class=\"size-medium wp-image-4096 alignright\" src=\"http:\/\/web.ifac.edu.br\/reitora\/wp-content\/uploads\/sites\/30\/2018\/03\/IMG-20180309-WA0012-300x225.jpg\" alt=\"\" width=\"300\" height=\"225\" srcset=\"https:\/\/web.ifac.edu.br\/reitora\/wp-content\/uploads\/sites\/30\/2018\/03\/IMG-20180309-WA0012-300x225.jpg 300w, https:\/\/web.ifac.edu.br\/reitora\/wp-content\/uploads\/sites\/30\/2018\/03\/IMG-20180309-WA0012-768x576.jpg 768w, https:\/\/web.ifac.edu.br\/reitora\/wp-content\/uploads\/sites\/30\/2018\/03\/IMG-20180309-WA0012-1024x768.jpg 1024w, https:\/\/web.ifac.edu.br\/reitora\/wp-content\/uploads\/sites\/30\/2018\/03\/IMG-20180309-WA0012-624x468.jpg 624w, https:\/\/web.ifac.edu.br\/reitora\/wp-content\/uploads\/sites\/30\/2018\/03\/IMG-20180309-WA0012.jpg 1280w\" sizes=\"(max-width: 300px) 100vw, 300px\" \/><\/p>\n<p>Tenho certeza que a filia\u00e7\u00e3o ir\u00e1 garantir a representatividade necess\u00e1ria para a cria\u00e7\u00e3o da Secretaria Regional da SBPC no Acre, fortalecendo nossas a\u00e7\u00f5es locais, em prol do fomento e desenvolvimento cient\u00edfico, tecnol\u00f3gico, educa\u00e7\u00e3o e cultural do nosso estado.<\/p>\n<p><img loading=\"lazy\" decoding=\"async\" class=\"size-medium wp-image-4097 alignleft\" src=\"http:\/\/web.ifac.edu.br\/reitora\/wp-content\/uploads\/sites\/30\/2018\/03\/IMG-20180309-WA0014-300x225.jpg\" alt=\"\" width=\"300\" height=\"225\" srcset=\"https:\/\/web.ifac.edu.br\/reitora\/wp-content\/uploads\/sites\/30\/2018\/03\/IMG-20180309-WA0014-300x225.jpg 300w, https:\/\/web.ifac.edu.br\/reitora\/wp-content\/uploads\/sites\/30\/2018\/03\/IMG-20180309-WA0014-768x576.jpg 768w, https:\/\/web.ifac.edu.br\/reitora\/wp-content\/uploads\/sites\/30\/2018\/03\/IMG-20180309-WA0014-1024x768.jpg 1024w, https:\/\/web.ifac.edu.br\/reitora\/wp-content\/uploads\/sites\/30\/2018\/03\/IMG-20180309-WA0014-624x468.jpg 624w, https:\/\/web.ifac.edu.br\/reitora\/wp-content\/uploads\/sites\/30\/2018\/03\/IMG-20180309-WA0014.jpg 1280w\" sizes=\"(max-width: 300px) 100vw, 300px\" \/><\/p>\n<p><strong>SBPC<\/strong><\/p>\n<p>A SBPC \u00e9 uma organiza\u00e7\u00e3o sem fins lucrativos voltada para o desenvolvimento cient\u00edfico, tecnol\u00f3gico, educacional e cultural do Brasil.<br \/>\nRe\u00fane diferentes sociedades cient\u00edficas brasileiras e tem importante papel na valoriza\u00e7\u00e3o da ci\u00eancia e dos cientistas brasileiros, exigindo, dos diferentes governos brasileiros, o investimento na ci\u00eancia e cultura nacional.<\/p>\n","protected":false},"excerpt":{"rendered":"<p>Para fechar a semana de trabalhos, estive na manh\u00e3 desta sexta-feira (09.03), na solenidade de filia\u00e7\u00e3o junto \u00e0 Sociedade Brasileira para o Progresso da Ci\u00eancia (SBPC). Junto com demais autoridades e membros da \u00e1rea cient\u00edfica, pude falar um pouco sobre o meu orgulho em rela\u00e7\u00e3o ao sucesso dos alunos e ex-alunos, como tamb\u00e9m do protagonismo [&hellip;]<\/p>\n","protected":false},"author":27,"featured_media":0,"comment_status":"open","ping_status":"open","sticky":false,"template":"","format":"standard","meta":{"footnotes":""},"categories":[2],"tags":[],"class_list":["post-4093","post","type-post","status-publish","format-standard","hentry","category-noticias"],"_links":{"self":[{"href":"https:\/\/web.ifac.edu.br\/reitora\/wp-json\/wp\/v2\/posts\/4093","targetHints":{"allow":["GET"]}}],"collection":[{"href":"https:\/\/web.ifac.edu.br\/reitora\/wp-json\/wp\/v2\/posts"}],"about":[{"href":"https:\/\/web.ifac.edu.br\/reitora\/wp-json\/wp\/v2\/types\/post"}],"author":[{"embeddable":true,"href":"https:\/\/web.ifac.edu.br\/reitora\/wp-json\/wp\/v2\/users\/27"}],"replies":[{"embeddable":true,"href":"https:\/\/web.ifac.edu.br\/reitora\/wp-json\/wp\/v2\/comments?post=4093"}],"version-history":[{"count":0,"href":"https:\/\/web.ifac.edu.br\/reitora\/wp-json\/wp\/v2\/posts\/4093\/revisions"}],"wp:attachment":[{"href":"https:\/\/web.ifac.edu.br\/reitora\/wp-json\/wp\/v2\/media?parent=4093"}],"wp:term":[{"taxonomy":"category","embeddable":true,"href":"https:\/\/web.ifac.edu.br\/reitora\/wp-json\/wp\/v2\/categories?post=4093"},{"taxonomy":"post_tag","embeddable":true,"href":"https:\/\/web.ifac.edu.br\/reitora\/wp-json\/wp\/v2\/tags?post=4093"}],"curies":[{"name":"wp","href":"https:\/\/api.w.org\/{rel}","templated":true}]}}