{"id":4082,"date":"2018-03-08T19:45:26","date_gmt":"2018-03-08T22:45:26","guid":{"rendered":"http:\/\/web.ifac.edu.br\/reitora\/?p=4082"},"modified":"2018-03-09T18:53:58","modified_gmt":"2018-03-09T21:53:58","slug":"comemoracoes-do-dia-da-mulher","status":"publish","type":"post","link":"https:\/\/web.ifac.edu.br\/reitora\/2018\/03\/08\/comemoracoes-do-dia-da-mulher\/","title":{"rendered":"Comemora\u00e7\u00f5es do Dia da Mulher"},"content":{"rendered":"<p><img fetchpriority=\"high\" decoding=\"async\" class=\"size-large wp-image-4084 aligncenter\" src=\"http:\/\/web.ifac.edu.br\/reitora\/wp-content\/uploads\/sites\/30\/2018\/03\/DSC_0025-001-1024x704.jpg\" alt=\"\" width=\"625\" height=\"430\" srcset=\"https:\/\/web.ifac.edu.br\/reitora\/wp-content\/uploads\/sites\/30\/2018\/03\/DSC_0025-001-1024x704.jpg 1024w, https:\/\/web.ifac.edu.br\/reitora\/wp-content\/uploads\/sites\/30\/2018\/03\/DSC_0025-001-300x206.jpg 300w, https:\/\/web.ifac.edu.br\/reitora\/wp-content\/uploads\/sites\/30\/2018\/03\/DSC_0025-001-768x528.jpg 768w, https:\/\/web.ifac.edu.br\/reitora\/wp-content\/uploads\/sites\/30\/2018\/03\/DSC_0025-001-624x429.jpg 624w\" sizes=\"(max-width: 625px) 100vw, 625px\" \/><\/p>\n<p>Encerramos o Dia da Mulher no Ifac com muitas comemora\u00e7\u00f5es.<\/p>\n<p>Al\u00e9m de diversas atividades realizadas em nossos campi, tivemos um evento preparado pelas Coordena\u00e7\u00f5es de Arte e Cultura, e de Aten\u00e7\u00e3o \u00e0 Sa\u00fade e Qualidade de Vida, que aconteceu em nossa Reitoria.<\/p>\n<p><img decoding=\"async\" class=\"size-large wp-image-4087 aligncenter\" src=\"http:\/\/web.ifac.edu.br\/reitora\/wp-content\/uploads\/sites\/30\/2018\/03\/DSC_0128-001-1024x669.jpg\" alt=\"\" width=\"625\" height=\"408\" srcset=\"https:\/\/web.ifac.edu.br\/reitora\/wp-content\/uploads\/sites\/30\/2018\/03\/DSC_0128-001-1024x669.jpg 1024w, https:\/\/web.ifac.edu.br\/reitora\/wp-content\/uploads\/sites\/30\/2018\/03\/DSC_0128-001-300x196.jpg 300w, https:\/\/web.ifac.edu.br\/reitora\/wp-content\/uploads\/sites\/30\/2018\/03\/DSC_0128-001-768x502.jpg 768w, https:\/\/web.ifac.edu.br\/reitora\/wp-content\/uploads\/sites\/30\/2018\/03\/DSC_0128-001-624x408.jpg 624w\" sizes=\"(max-width: 625px) 100vw, 625px\" \/><\/p>\n<p>Num momento de descontra\u00e7\u00e3o, nossas servidoras tiveram uma aula experimental de dan\u00e7a do ventre e puderam praticar Kundalini Yoga, como tamb\u00e9m aprenderam mais sobre o empoderamento feminino, com a terapeuta Helo\u00edsa Tainah Mour\u00e3o, e sobre a viol\u00eancia contra a mulher, com a ju\u00edza Shirley Haje Menezes.<\/p>\n<p>Tamb\u00e9m tive a oportunidade de comparecer na sess\u00e3o da Assembleia Legislativa do Acre, em que diversas mulheres do nosso Estado foram homenageadas.<\/p>\n<p>Mais fotos no Flickr do Ifac &gt;&gt;\u00a0<a href=\"https:\/\/goo.gl\/UX25gT\"><strong>https:\/\/goo.gl\/UX25gT<\/strong><\/a>.<\/p>\n","protected":false},"excerpt":{"rendered":"<p>Encerramos o Dia da Mulher no Ifac com muitas comemora\u00e7\u00f5es. Al\u00e9m de diversas atividades realizadas em nossos campi, tivemos um evento preparado pelas Coordena\u00e7\u00f5es de Arte e Cultura, e de Aten\u00e7\u00e3o \u00e0 Sa\u00fade e Qualidade de Vida, que aconteceu em nossa Reitoria. Num momento de descontra\u00e7\u00e3o, nossas servidoras tiveram uma aula experimental de dan\u00e7a do [&hellip;]<\/p>\n","protected":false},"author":27,"featured_media":0,"comment_status":"open","ping_status":"open","sticky":false,"template":"","format":"standard","meta":{"footnotes":""},"categories":[2],"tags":[],"class_list":["post-4082","post","type-post","status-publish","format-standard","hentry","category-noticias"],"_links":{"self":[{"href":"https:\/\/web.ifac.edu.br\/reitora\/wp-json\/wp\/v2\/posts\/4082","targetHints":{"allow":["GET"]}}],"collection":[{"href":"https:\/\/web.ifac.edu.br\/reitora\/wp-json\/wp\/v2\/posts"}],"about":[{"href":"https:\/\/web.ifac.edu.br\/reitora\/wp-json\/wp\/v2\/types\/post"}],"author":[{"embeddable":true,"href":"https:\/\/web.ifac.edu.br\/reitora\/wp-json\/wp\/v2\/users\/27"}],"replies":[{"embeddable":true,"href":"https:\/\/web.ifac.edu.br\/reitora\/wp-json\/wp\/v2\/comments?post=4082"}],"version-history":[{"count":0,"href":"https:\/\/web.ifac.edu.br\/reitora\/wp-json\/wp\/v2\/posts\/4082\/revisions"}],"wp:attachment":[{"href":"https:\/\/web.ifac.edu.br\/reitora\/wp-json\/wp\/v2\/media?parent=4082"}],"wp:term":[{"taxonomy":"category","embeddable":true,"href":"https:\/\/web.ifac.edu.br\/reitora\/wp-json\/wp\/v2\/categories?post=4082"},{"taxonomy":"post_tag","embeddable":true,"href":"https:\/\/web.ifac.edu.br\/reitora\/wp-json\/wp\/v2\/tags?post=4082"}],"curies":[{"name":"wp","href":"https:\/\/api.w.org\/{rel}","templated":true}]}}