{"id":4078,"date":"2018-03-08T08:46:27","date_gmt":"2018-03-08T11:46:27","guid":{"rendered":"http:\/\/web.ifac.edu.br\/reitora\/?p=4078"},"modified":"2018-03-08T10:49:51","modified_gmt":"2018-03-08T13:49:51","slug":"feliz-dia-da-mulher","status":"publish","type":"post","link":"https:\/\/web.ifac.edu.br\/reitora\/2018\/03\/08\/feliz-dia-da-mulher\/","title":{"rendered":"Feliz Dia da Mulher"},"content":{"rendered":"<div style=\"width: 625px;\" class=\"wp-video\"><video class=\"wp-video-shortcode\" id=\"video-4078-1\" width=\"625\" height=\"352\" preload=\"metadata\" controls=\"controls\"><source type=\"video\/mp4\" src=\"http:\/\/web.ifac.edu.br\/reitora\/wp-content\/uploads\/sites\/30\/2018\/03\/REITORA-MULHERES-FINAL.mp4?_=1\" \/><a href=\"http:\/\/web.ifac.edu.br\/reitora\/wp-content\/uploads\/sites\/30\/2018\/03\/REITORA-MULHERES-FINAL.mp4\">http:\/\/web.ifac.edu.br\/reitora\/wp-content\/uploads\/sites\/30\/2018\/03\/REITORA-MULHERES-FINAL.mp4<\/a><\/video><\/div>\n<p>Todos os anos o Dia da Mulher \u00e9 uma data muito especial para mim, por acreditar na for\u00e7a e no empenho de cada uma das nossas servidoras. Hoje no Ifac somos muito mais do que 450 servidoras p\u00fablicas. Juntas, com os nossos demais colegas de trabalho, ajudamos a construir uma institui\u00e7\u00e3o cada vez mais forte. Focada em uma educa\u00e7\u00e3o de qualidade e pensando no futuro.<\/p>\n<p>Que voc\u00eas, mulheres, continuem com for\u00e7a e garra em nosso ambiente de trabalho, assim como na vida de voc\u00eas. E nunca se esque\u00e7am, que o Ifac n\u00e3o seria t\u00e3o grande quanto \u00e9.<\/p>\n<p>Parab\u00e9ns a todas as mulheres!<\/p>\n","protected":false},"excerpt":{"rendered":"<p>Todos os anos o Dia da Mulher \u00e9 uma data muito especial para mim, por acreditar na for\u00e7a e no empenho de cada uma das nossas servidoras. Hoje no Ifac somos muito mais do que 450 servidoras p\u00fablicas. Juntas, com os nossos demais colegas de trabalho, ajudamos a construir uma institui\u00e7\u00e3o cada vez mais forte. [&hellip;]<\/p>\n","protected":false},"author":27,"featured_media":0,"comment_status":"open","ping_status":"open","sticky":false,"template":"","format":"standard","meta":{"footnotes":""},"categories":[1],"tags":[],"class_list":["post-4078","post","type-post","status-publish","format-standard","hentry","category-sem-categoria"],"_links":{"self":[{"href":"https:\/\/web.ifac.edu.br\/reitora\/wp-json\/wp\/v2\/posts\/4078","targetHints":{"allow":["GET"]}}],"collection":[{"href":"https:\/\/web.ifac.edu.br\/reitora\/wp-json\/wp\/v2\/posts"}],"about":[{"href":"https:\/\/web.ifac.edu.br\/reitora\/wp-json\/wp\/v2\/types\/post"}],"author":[{"embeddable":true,"href":"https:\/\/web.ifac.edu.br\/reitora\/wp-json\/wp\/v2\/users\/27"}],"replies":[{"embeddable":true,"href":"https:\/\/web.ifac.edu.br\/reitora\/wp-json\/wp\/v2\/comments?post=4078"}],"version-history":[{"count":0,"href":"https:\/\/web.ifac.edu.br\/reitora\/wp-json\/wp\/v2\/posts\/4078\/revisions"}],"wp:attachment":[{"href":"https:\/\/web.ifac.edu.br\/reitora\/wp-json\/wp\/v2\/media?parent=4078"}],"wp:term":[{"taxonomy":"category","embeddable":true,"href":"https:\/\/web.ifac.edu.br\/reitora\/wp-json\/wp\/v2\/categories?post=4078"},{"taxonomy":"post_tag","embeddable":true,"href":"https:\/\/web.ifac.edu.br\/reitora\/wp-json\/wp\/v2\/tags?post=4078"}],"curies":[{"name":"wp","href":"https:\/\/api.w.org\/{rel}","templated":true}]}}