{"id":4067,"date":"2018-03-06T19:06:07","date_gmt":"2018-03-06T22:06:07","guid":{"rendered":"http:\/\/web.ifac.edu.br\/reitora\/?p=4067"},"modified":"2018-03-06T21:13:26","modified_gmt":"2018-03-07T00:13:26","slug":"visita-no-campus-cruzeiro-do-sul","status":"publish","type":"post","link":"https:\/\/web.ifac.edu.br\/reitora\/2018\/03\/06\/visita-no-campus-cruzeiro-do-sul\/","title":{"rendered":"Visita no campus Cruzeiro do Sul"},"content":{"rendered":"<p><img fetchpriority=\"high\" decoding=\"async\" class=\"alignnone size-large wp-image-4073\" src=\"http:\/\/web.ifac.edu.br\/reitora\/wp-content\/uploads\/sites\/30\/2018\/03\/IMG-20180306-WA0017-1024x768.jpg\" alt=\"\" width=\"625\" height=\"469\" srcset=\"https:\/\/web.ifac.edu.br\/reitora\/wp-content\/uploads\/sites\/30\/2018\/03\/IMG-20180306-WA0017.jpg 1024w, https:\/\/web.ifac.edu.br\/reitora\/wp-content\/uploads\/sites\/30\/2018\/03\/IMG-20180306-WA0017-300x225.jpg 300w, https:\/\/web.ifac.edu.br\/reitora\/wp-content\/uploads\/sites\/30\/2018\/03\/IMG-20180306-WA0017-768x576.jpg 768w, https:\/\/web.ifac.edu.br\/reitora\/wp-content\/uploads\/sites\/30\/2018\/03\/IMG-20180306-WA0017-624x468.jpg 624w\" sizes=\"(max-width: 625px) 100vw, 625px\" \/><\/p>\n<p>A ter\u00e7a-feira foi em Cruzeiro do Sul e, como sempre, com muito trabalho.<\/p>\n<p>Conversamos com os novos alunos da unidade, onde tivemos a oportunidade de falar um pouco sobre as a\u00e7\u00f5es de ensino, pesquisa e extens\u00e3o, que est\u00e3o sendo desenvolvidas no Ifac. Al\u00e9m disso, tamb\u00e9m pude falar sobre as diversas possibilidades ofertadas pelo nossa institui\u00e7\u00e3o, como a participa\u00e7\u00e3o em eventos nacionais, esportivos, interc\u00e2mbios, como tamb\u00e9m o recebimento das bolsas de monitoria e aux\u00edlio perman\u00eancia.<\/p>\n<p><del><img decoding=\"async\" class=\"alignnone wp-image-4075 size-large\" src=\"http:\/\/web.ifac.edu.br\/reitora\/wp-content\/uploads\/sites\/30\/2018\/03\/IMG-20180306-WA0015-1024x768.jpg\" alt=\"\" width=\"625\" height=\"469\" srcset=\"https:\/\/web.ifac.edu.br\/reitora\/wp-content\/uploads\/sites\/30\/2018\/03\/IMG-20180306-WA0015.jpg 1024w, https:\/\/web.ifac.edu.br\/reitora\/wp-content\/uploads\/sites\/30\/2018\/03\/IMG-20180306-WA0015-300x225.jpg 300w, https:\/\/web.ifac.edu.br\/reitora\/wp-content\/uploads\/sites\/30\/2018\/03\/IMG-20180306-WA0015-768x576.jpg 768w, https:\/\/web.ifac.edu.br\/reitora\/wp-content\/uploads\/sites\/30\/2018\/03\/IMG-20180306-WA0015-624x468.jpg 624w\" sizes=\"(max-width: 625px) 100vw, 625px\" \/><\/del><\/p>\n<p>Junto comigo, o pr\u00f3-reitor de Extens\u00e3o, F\u00e1bio Storch, parabenizou o campus Cruzeiro do Sul, que foi a unidade recordista de medalhas no JIFAC 2017, como tamb\u00e9m lembrou a import\u00e2ncia dos projetos desenvolvidos com aos estudantes, como a fanfarra, que \u00e9 considerada a maior da regi\u00e3o do Juru\u00e1.<\/p>\n<p><img decoding=\"async\" class=\"alignnone size-large wp-image-4070\" src=\"http:\/\/web.ifac.edu.br\/reitora\/wp-content\/uploads\/sites\/30\/2018\/03\/IMG-20180306-WA0026-1024x768.jpg\" alt=\"\" width=\"625\" height=\"469\" srcset=\"https:\/\/web.ifac.edu.br\/reitora\/wp-content\/uploads\/sites\/30\/2018\/03\/IMG-20180306-WA0026.jpg 1024w, https:\/\/web.ifac.edu.br\/reitora\/wp-content\/uploads\/sites\/30\/2018\/03\/IMG-20180306-WA0026-300x225.jpg 300w, https:\/\/web.ifac.edu.br\/reitora\/wp-content\/uploads\/sites\/30\/2018\/03\/IMG-20180306-WA0026-768x576.jpg 768w, https:\/\/web.ifac.edu.br\/reitora\/wp-content\/uploads\/sites\/30\/2018\/03\/IMG-20180306-WA0026-624x468.jpg 624w\" sizes=\"(max-width: 625px) 100vw, 625px\" \/><\/p>\n<p>Durante o encontro, os alunos ainda ficaram sabendo um pouco mais sobre o Centro de Idiomas e sobre os investimentos quem est\u00e3o sendo feito na valoriza\u00e7\u00e3o do esporte, como a\u00e7\u00f5es da pol\u00edtica desta gest\u00e3o.<\/p>\n<p><img loading=\"lazy\" decoding=\"async\" class=\"alignnone size-large wp-image-4072\" src=\"http:\/\/web.ifac.edu.br\/reitora\/wp-content\/uploads\/sites\/30\/2018\/03\/IMG-20180306-WA0035-1024x768.jpg\" alt=\"\" width=\"625\" height=\"469\" srcset=\"https:\/\/web.ifac.edu.br\/reitora\/wp-content\/uploads\/sites\/30\/2018\/03\/IMG-20180306-WA0035.jpg 1024w, https:\/\/web.ifac.edu.br\/reitora\/wp-content\/uploads\/sites\/30\/2018\/03\/IMG-20180306-WA0035-300x225.jpg 300w, https:\/\/web.ifac.edu.br\/reitora\/wp-content\/uploads\/sites\/30\/2018\/03\/IMG-20180306-WA0035-768x576.jpg 768w, https:\/\/web.ifac.edu.br\/reitora\/wp-content\/uploads\/sites\/30\/2018\/03\/IMG-20180306-WA0035-624x468.jpg 624w\" sizes=\"(max-width: 625px) 100vw, 625px\" \/><\/p>\n<p>O diretor sist\u00eamico de Assist\u00eancia Estudantil, Edu Gomes, tamb\u00e9m conversou com os estudantes e falou um pouco sobre as possiblidades que os jovens em Cruzeiro do Sul podem obter atrav\u00e9s dos editais de perman\u00eancia, ajuda de custo, monitoria e eventos cient\u00edficos.<\/p>\n<p><img loading=\"lazy\" decoding=\"async\" class=\"alignnone size-full wp-image-4068\" src=\"http:\/\/web.ifac.edu.br\/reitora\/wp-content\/uploads\/sites\/30\/2018\/03\/20180306_185643.jpg\" alt=\"\" width=\"897\" height=\"646\" srcset=\"https:\/\/web.ifac.edu.br\/reitora\/wp-content\/uploads\/sites\/30\/2018\/03\/20180306_185643.jpg 897w, https:\/\/web.ifac.edu.br\/reitora\/wp-content\/uploads\/sites\/30\/2018\/03\/20180306_185643-300x216.jpg 300w, https:\/\/web.ifac.edu.br\/reitora\/wp-content\/uploads\/sites\/30\/2018\/03\/20180306_185643-768x553.jpg 768w, https:\/\/web.ifac.edu.br\/reitora\/wp-content\/uploads\/sites\/30\/2018\/03\/20180306_185643-624x449.jpg 624w\" sizes=\"(max-width: 897px) 100vw, 897px\" \/><\/p>\n<p>Para finalizar os trabalhos, visitamos a sala de musicaliza\u00e7\u00e3o, juntamente com a diretora da unidade, Lilliane Oliveira, e o professor Emerson Gaspar Rosa. O espa\u00e7o conta com diversos instrumentos que fazem com que o campus Cruzeiro do Sul seja refer\u00eancia na \u00e1rea de m\u00fasica na regi\u00e3o.<\/p>\n<p>Amanh\u00e3 continuam os trabalhos em Cruzeiro do Sul e com uma grande festa: a inaugura\u00e7\u00e3o do gin\u00e1sio poliesportivo.<\/p>\n","protected":false},"excerpt":{"rendered":"<p>A ter\u00e7a-feira foi em Cruzeiro do Sul e, como sempre, com muito trabalho. Conversamos com os novos alunos da unidade, onde tivemos a oportunidade de falar um pouco sobre as a\u00e7\u00f5es de ensino, pesquisa e extens\u00e3o, que est\u00e3o sendo desenvolvidas no Ifac. Al\u00e9m disso, tamb\u00e9m pude falar sobre as diversas possibilidades ofertadas pelo nossa institui\u00e7\u00e3o, [&hellip;]<\/p>\n","protected":false},"author":27,"featured_media":0,"comment_status":"open","ping_status":"open","sticky":false,"template":"","format":"standard","meta":{"footnotes":""},"categories":[2],"tags":[],"class_list":["post-4067","post","type-post","status-publish","format-standard","hentry","category-noticias"],"_links":{"self":[{"href":"https:\/\/web.ifac.edu.br\/reitora\/wp-json\/wp\/v2\/posts\/4067","targetHints":{"allow":["GET"]}}],"collection":[{"href":"https:\/\/web.ifac.edu.br\/reitora\/wp-json\/wp\/v2\/posts"}],"about":[{"href":"https:\/\/web.ifac.edu.br\/reitora\/wp-json\/wp\/v2\/types\/post"}],"author":[{"embeddable":true,"href":"https:\/\/web.ifac.edu.br\/reitora\/wp-json\/wp\/v2\/users\/27"}],"replies":[{"embeddable":true,"href":"https:\/\/web.ifac.edu.br\/reitora\/wp-json\/wp\/v2\/comments?post=4067"}],"version-history":[{"count":0,"href":"https:\/\/web.ifac.edu.br\/reitora\/wp-json\/wp\/v2\/posts\/4067\/revisions"}],"wp:attachment":[{"href":"https:\/\/web.ifac.edu.br\/reitora\/wp-json\/wp\/v2\/media?parent=4067"}],"wp:term":[{"taxonomy":"category","embeddable":true,"href":"https:\/\/web.ifac.edu.br\/reitora\/wp-json\/wp\/v2\/categories?post=4067"},{"taxonomy":"post_tag","embeddable":true,"href":"https:\/\/web.ifac.edu.br\/reitora\/wp-json\/wp\/v2\/tags?post=4067"}],"curies":[{"name":"wp","href":"https:\/\/api.w.org\/{rel}","templated":true}]}}