{"id":4057,"date":"2018-03-05T17:52:42","date_gmt":"2018-03-05T20:52:42","guid":{"rendered":"http:\/\/web.ifac.edu.br\/reitora\/?p=4057"},"modified":"2018-03-05T20:12:21","modified_gmt":"2018-03-05T23:12:21","slug":"visita-no-campus-rio-branco","status":"publish","type":"post","link":"https:\/\/web.ifac.edu.br\/reitora\/2018\/03\/05\/visita-no-campus-rio-branco\/","title":{"rendered":"Visita no campus Rio Branco"},"content":{"rendered":"<p><img fetchpriority=\"high\" decoding=\"async\" class=\"aligncenter wp-image-4058 size-large\" src=\"http:\/\/web.ifac.edu.br\/reitora\/wp-content\/uploads\/sites\/30\/2018\/03\/IMG-20180305-WA0015-1024x768.jpg\" alt=\"\" width=\"625\" height=\"469\" srcset=\"https:\/\/web.ifac.edu.br\/reitora\/wp-content\/uploads\/sites\/30\/2018\/03\/IMG-20180305-WA0015.jpg 1024w, https:\/\/web.ifac.edu.br\/reitora\/wp-content\/uploads\/sites\/30\/2018\/03\/IMG-20180305-WA0015-300x225.jpg 300w, https:\/\/web.ifac.edu.br\/reitora\/wp-content\/uploads\/sites\/30\/2018\/03\/IMG-20180305-WA0015-768x576.jpg 768w, https:\/\/web.ifac.edu.br\/reitora\/wp-content\/uploads\/sites\/30\/2018\/03\/IMG-20180305-WA0015-624x468.jpg 624w\" sizes=\"(max-width: 625px) 100vw, 625px\" \/><\/p>\n<p>Come\u00e7amos a semana com muito trabalho no campus Rio Branco!<\/p>\n<p>Al\u00e9m de visitar as obras do novo espa\u00e7o do setor de Registro Escolar e tamb\u00e9m da Incubadora do Ifac, pude acompanhar de perto o andamento dos trabalhos da biblioteca do campus, que com apoio do deputado federal Alan Rick, estamos reformando o espa\u00e7o. Em breve, as novas estruturas v\u00e3o ser entregues aos estudantes, servidores e tambem \u00e0 comunidade. Mais qualidade na educa\u00e7\u00e3o!<\/p>\n<p><img decoding=\"async\" class=\"alignnone wp-image-4059 size-large\" src=\"http:\/\/web.ifac.edu.br\/reitora\/wp-content\/uploads\/sites\/30\/2018\/03\/DSC_0029-1024x683.jpg\" alt=\"\" width=\"625\" height=\"417\" srcset=\"https:\/\/web.ifac.edu.br\/reitora\/wp-content\/uploads\/sites\/30\/2018\/03\/DSC_0029-1024x683.jpg 1024w, https:\/\/web.ifac.edu.br\/reitora\/wp-content\/uploads\/sites\/30\/2018\/03\/DSC_0029-300x200.jpg 300w, https:\/\/web.ifac.edu.br\/reitora\/wp-content\/uploads\/sites\/30\/2018\/03\/DSC_0029-768x512.jpg 768w, https:\/\/web.ifac.edu.br\/reitora\/wp-content\/uploads\/sites\/30\/2018\/03\/DSC_0029-624x416.jpg 624w\" sizes=\"(max-width: 625px) 100vw, 625px\" \/>Tive\u00a0ainda a oportunidade de conhecer os nossos primeiros estudantes do curso superior de Licenciatura em Matem\u00e1tica. As aulas tiveram in\u00edcio neste de 05 de mar\u00e7o e, para mim, \u00e9 sempre muito emocionante ver novas pessoas se qualificando no Ifac. Sucesso, pessoal! Voc\u00eas j\u00e1 fazem parte da nossa hist\u00f3ria.<\/p>\n<p><img decoding=\"async\" class=\"alignnone wp-image-4061 size-large\" src=\"http:\/\/web.ifac.edu.br\/reitora\/wp-content\/uploads\/sites\/30\/2018\/03\/IMG-20180305-WA0021-1024x768.jpg\" alt=\"\" width=\"625\" height=\"469\" srcset=\"https:\/\/web.ifac.edu.br\/reitora\/wp-content\/uploads\/sites\/30\/2018\/03\/IMG-20180305-WA0021.jpg 1024w, https:\/\/web.ifac.edu.br\/reitora\/wp-content\/uploads\/sites\/30\/2018\/03\/IMG-20180305-WA0021-300x225.jpg 300w, https:\/\/web.ifac.edu.br\/reitora\/wp-content\/uploads\/sites\/30\/2018\/03\/IMG-20180305-WA0021-768x576.jpg 768w, https:\/\/web.ifac.edu.br\/reitora\/wp-content\/uploads\/sites\/30\/2018\/03\/IMG-20180305-WA0021-624x468.jpg 624w\" sizes=\"(max-width: 625px) 100vw, 625px\" \/> Ainda durante a minha visita no campus Rio Branco conversei com os servidores e tamb\u00e9m com a estudante Schawany, que foi selecionada para o interc\u00e2mbio nos Estados Unidos, devido a parceria do Ifac com a Northern Viriginia Community College (NOVA). Ela embarca em julho deste ano, juntamente, com o aluno Thawan, de Sena Madureira. O interc\u00e2mbio ter\u00e1 dura\u00e7\u00e3o de um ano e vai contribuir para que eles tenham ainda mais conhecimento.<\/p>\n<p><img loading=\"lazy\" decoding=\"async\" class=\"alignnone wp-image-4060 size-large\" src=\"http:\/\/web.ifac.edu.br\/reitora\/wp-content\/uploads\/sites\/30\/2018\/03\/IMG-20180305-WA0024-1024x768.jpg\" alt=\"\" width=\"625\" height=\"469\" srcset=\"https:\/\/web.ifac.edu.br\/reitora\/wp-content\/uploads\/sites\/30\/2018\/03\/IMG-20180305-WA0024.jpg 1024w, https:\/\/web.ifac.edu.br\/reitora\/wp-content\/uploads\/sites\/30\/2018\/03\/IMG-20180305-WA0024-300x225.jpg 300w, https:\/\/web.ifac.edu.br\/reitora\/wp-content\/uploads\/sites\/30\/2018\/03\/IMG-20180305-WA0024-768x576.jpg 768w, https:\/\/web.ifac.edu.br\/reitora\/wp-content\/uploads\/sites\/30\/2018\/03\/IMG-20180305-WA0024-624x468.jpg 624w\" sizes=\"(max-width: 625px) 100vw, 625px\" \/><\/p>\n","protected":false},"excerpt":{"rendered":"<p>Come\u00e7amos a semana com muito trabalho no campus Rio Branco! Al\u00e9m de visitar as obras do novo espa\u00e7o do setor de Registro Escolar e tamb\u00e9m da Incubadora do Ifac, pude acompanhar de perto o andamento dos trabalhos da biblioteca do campus, que com apoio do deputado federal Alan Rick, estamos reformando o espa\u00e7o. Em breve, [&hellip;]<\/p>\n","protected":false},"author":27,"featured_media":0,"comment_status":"open","ping_status":"open","sticky":false,"template":"","format":"standard","meta":{"footnotes":""},"categories":[2],"tags":[],"class_list":["post-4057","post","type-post","status-publish","format-standard","hentry","category-noticias"],"_links":{"self":[{"href":"https:\/\/web.ifac.edu.br\/reitora\/wp-json\/wp\/v2\/posts\/4057","targetHints":{"allow":["GET"]}}],"collection":[{"href":"https:\/\/web.ifac.edu.br\/reitora\/wp-json\/wp\/v2\/posts"}],"about":[{"href":"https:\/\/web.ifac.edu.br\/reitora\/wp-json\/wp\/v2\/types\/post"}],"author":[{"embeddable":true,"href":"https:\/\/web.ifac.edu.br\/reitora\/wp-json\/wp\/v2\/users\/27"}],"replies":[{"embeddable":true,"href":"https:\/\/web.ifac.edu.br\/reitora\/wp-json\/wp\/v2\/comments?post=4057"}],"version-history":[{"count":0,"href":"https:\/\/web.ifac.edu.br\/reitora\/wp-json\/wp\/v2\/posts\/4057\/revisions"}],"wp:attachment":[{"href":"https:\/\/web.ifac.edu.br\/reitora\/wp-json\/wp\/v2\/media?parent=4057"}],"wp:term":[{"taxonomy":"category","embeddable":true,"href":"https:\/\/web.ifac.edu.br\/reitora\/wp-json\/wp\/v2\/categories?post=4057"},{"taxonomy":"post_tag","embeddable":true,"href":"https:\/\/web.ifac.edu.br\/reitora\/wp-json\/wp\/v2\/tags?post=4057"}],"curies":[{"name":"wp","href":"https:\/\/api.w.org\/{rel}","templated":true}]}}