{"id":4042,"date":"2018-02-23T09:37:22","date_gmt":"2018-02-23T12:37:22","guid":{"rendered":"http:\/\/web.ifac.edu.br\/reitora\/?p=4042"},"modified":"2018-02-23T12:03:01","modified_gmt":"2018-02-23T15:03:01","slug":"parceria-com-universidade-de-vigo","status":"publish","type":"post","link":"https:\/\/web.ifac.edu.br\/reitora\/2018\/02\/23\/parceria-com-universidade-de-vigo\/","title":{"rendered":"Parceria com Universidade de Vigo"},"content":{"rendered":"<p><img fetchpriority=\"high\" decoding=\"async\" class=\"alignnone wp-image-4044 size-large\" src=\"http:\/\/web.ifac.edu.br\/reitora\/wp-content\/uploads\/sites\/30\/2018\/02\/25533729437_e3b3e02eb4_o-1024x661.jpg\" alt=\"\" width=\"625\" height=\"403\" srcset=\"https:\/\/web.ifac.edu.br\/reitora\/wp-content\/uploads\/sites\/30\/2018\/02\/25533729437_e3b3e02eb4_o-1024x661.jpg 1024w, https:\/\/web.ifac.edu.br\/reitora\/wp-content\/uploads\/sites\/30\/2018\/02\/25533729437_e3b3e02eb4_o-300x194.jpg 300w, https:\/\/web.ifac.edu.br\/reitora\/wp-content\/uploads\/sites\/30\/2018\/02\/25533729437_e3b3e02eb4_o-768x496.jpg 768w, https:\/\/web.ifac.edu.br\/reitora\/wp-content\/uploads\/sites\/30\/2018\/02\/25533729437_e3b3e02eb4_o-624x403.jpg 624w\" sizes=\"(max-width: 625px) 100vw, 625px\" \/><\/p>\n<p>Durante reuni\u00e3o do Conif, no dia 21 de fevereiro, tamb\u00e9m tive a oportunidade, como reitora do Ifac, de assinar o Memorando de Entendimento com a\u00a0Universidade de Vigo, da Espanha.<\/p>\n<p><img decoding=\"async\" class=\"size-medium wp-image-4043 alignleft\" src=\"http:\/\/web.ifac.edu.br\/reitora\/wp-content\/uploads\/sites\/30\/2018\/02\/25533729227_6f34255b56_o-300x228.jpg\" alt=\"\" width=\"300\" height=\"228\" srcset=\"https:\/\/web.ifac.edu.br\/reitora\/wp-content\/uploads\/sites\/30\/2018\/02\/25533729227_6f34255b56_o-300x228.jpg 300w, https:\/\/web.ifac.edu.br\/reitora\/wp-content\/uploads\/sites\/30\/2018\/02\/25533729227_6f34255b56_o-768x583.jpg 768w, https:\/\/web.ifac.edu.br\/reitora\/wp-content\/uploads\/sites\/30\/2018\/02\/25533729227_6f34255b56_o-1024x778.jpg 1024w, https:\/\/web.ifac.edu.br\/reitora\/wp-content\/uploads\/sites\/30\/2018\/02\/25533729227_6f34255b56_o-624x474.jpg 624w\" sizes=\"(max-width: 300px) 100vw, 300px\" \/><\/p>\n<p>A parceria, que \u00e9 motivo de comemora\u00e7\u00e3o para a Rede Federal e a institui\u00e7\u00e3o espanhola, vai contribuir para a forma\u00e7\u00e3o e capacita\u00e7\u00e3o de profissionais, como tamb\u00e9m vai facilitar o interc\u00e2mbio de estudantes e professores da Rede Federal.<\/p>\n<p>O documento, que tem validade m\u00e1xima de tr\u00eas anos, podendo ser prorrogado por mais um ano, ainda prev\u00ea o desenvolvimento de atividades culturais e de extens\u00e3o.<\/p>\n<p><em>(Fotos e informa\u00e7\u00f5es: Assessoria de Comunica\u00e7\u00e3o do Conif)<\/em><\/p>\n","protected":false},"excerpt":{"rendered":"<p>Durante reuni\u00e3o do Conif, no dia 21 de fevereiro, tamb\u00e9m tive a oportunidade, como reitora do Ifac, de assinar o Memorando de Entendimento com a\u00a0Universidade de Vigo, da Espanha. A parceria, que \u00e9 motivo de comemora\u00e7\u00e3o para a Rede Federal e a institui\u00e7\u00e3o espanhola, vai contribuir para a forma\u00e7\u00e3o e capacita\u00e7\u00e3o de profissionais, como tamb\u00e9m [&hellip;]<\/p>\n","protected":false},"author":27,"featured_media":0,"comment_status":"open","ping_status":"open","sticky":false,"template":"","format":"standard","meta":{"footnotes":""},"categories":[1],"tags":[],"class_list":["post-4042","post","type-post","status-publish","format-standard","hentry","category-sem-categoria"],"_links":{"self":[{"href":"https:\/\/web.ifac.edu.br\/reitora\/wp-json\/wp\/v2\/posts\/4042","targetHints":{"allow":["GET"]}}],"collection":[{"href":"https:\/\/web.ifac.edu.br\/reitora\/wp-json\/wp\/v2\/posts"}],"about":[{"href":"https:\/\/web.ifac.edu.br\/reitora\/wp-json\/wp\/v2\/types\/post"}],"author":[{"embeddable":true,"href":"https:\/\/web.ifac.edu.br\/reitora\/wp-json\/wp\/v2\/users\/27"}],"replies":[{"embeddable":true,"href":"https:\/\/web.ifac.edu.br\/reitora\/wp-json\/wp\/v2\/comments?post=4042"}],"version-history":[{"count":0,"href":"https:\/\/web.ifac.edu.br\/reitora\/wp-json\/wp\/v2\/posts\/4042\/revisions"}],"wp:attachment":[{"href":"https:\/\/web.ifac.edu.br\/reitora\/wp-json\/wp\/v2\/media?parent=4042"}],"wp:term":[{"taxonomy":"category","embeddable":true,"href":"https:\/\/web.ifac.edu.br\/reitora\/wp-json\/wp\/v2\/categories?post=4042"},{"taxonomy":"post_tag","embeddable":true,"href":"https:\/\/web.ifac.edu.br\/reitora\/wp-json\/wp\/v2\/tags?post=4042"}],"curies":[{"name":"wp","href":"https:\/\/api.w.org\/{rel}","templated":true}]}}