{"id":4038,"date":"2018-02-23T09:24:05","date_gmt":"2018-02-23T12:24:05","guid":{"rendered":"http:\/\/web.ifac.edu.br\/reitora\/?p=4038"},"modified":"2018-02-23T11:26:00","modified_gmt":"2018-02-23T14:26:00","slug":"posse-da-nova-presidencia-do-conif","status":"publish","type":"post","link":"https:\/\/web.ifac.edu.br\/reitora\/2018\/02\/23\/posse-da-nova-presidencia-do-conif\/","title":{"rendered":"Posse da nova presid\u00eancia do Conif"},"content":{"rendered":"<p><img fetchpriority=\"high\" decoding=\"async\" class=\"alignnone wp-image-4039 size-large\" src=\"http:\/\/web.ifac.edu.br\/reitora\/wp-content\/uploads\/sites\/30\/2018\/02\/39507598035_a5e8c56e02_o-1024x684.jpg\" alt=\"\" width=\"625\" height=\"417\" srcset=\"https:\/\/web.ifac.edu.br\/reitora\/wp-content\/uploads\/sites\/30\/2018\/02\/39507598035_a5e8c56e02_o-1024x684.jpg 1024w, https:\/\/web.ifac.edu.br\/reitora\/wp-content\/uploads\/sites\/30\/2018\/02\/39507598035_a5e8c56e02_o-300x201.jpg 300w, https:\/\/web.ifac.edu.br\/reitora\/wp-content\/uploads\/sites\/30\/2018\/02\/39507598035_a5e8c56e02_o-768x513.jpg 768w, https:\/\/web.ifac.edu.br\/reitora\/wp-content\/uploads\/sites\/30\/2018\/02\/39507598035_a5e8c56e02_o-624x417.jpg 624w\" sizes=\"(max-width: 625px) 100vw, 625px\" \/><\/p>\n<p>Esta semana participei da posse da nova diretoria do Conif e com muita satisfa\u00e7\u00e3o teremos, a partir deste ano, a nossa pr\u00f3-reitora de Ensino, Lucilene Ac\u00e1cio, representando o Ifac junto ao F\u00f3rum de Dirigentes de Ensino (FDE).<\/p>\n<p><img decoding=\"async\" class=\"size-medium wp-image-4040 alignleft\" src=\"http:\/\/web.ifac.edu.br\/reitora\/wp-content\/uploads\/sites\/30\/2018\/02\/conif-2-300x207.jpg\" alt=\"\" width=\"300\" height=\"207\" srcset=\"https:\/\/web.ifac.edu.br\/reitora\/wp-content\/uploads\/sites\/30\/2018\/02\/conif-2-300x207.jpg 300w, https:\/\/web.ifac.edu.br\/reitora\/wp-content\/uploads\/sites\/30\/2018\/02\/conif-2-768x530.jpg 768w, https:\/\/web.ifac.edu.br\/reitora\/wp-content\/uploads\/sites\/30\/2018\/02\/conif-2-624x431.jpg 624w, https:\/\/web.ifac.edu.br\/reitora\/wp-content\/uploads\/sites\/30\/2018\/02\/conif-2.jpg 1007w\" sizes=\"(max-width: 300px) 100vw, 300px\" \/><\/p>\n<p>Poder estar pr\u00f3ximo das a\u00e7\u00f5es que s\u00e3o discutidas e desenvolvidas pelo Conselho Nacional das Institui\u00e7\u00f5es da Rede Federal de Educa\u00e7\u00e3o Profissional, Cient\u00edfica e Tecnol\u00f3gica (Conif) \u00e9 de extrema import\u00e2ncia para o desenvolvimento dos Institutos.<\/p>\n<p>Que a nova diretoria do Conif tenha um grande sucesso e realize uma excelente gest\u00e3o.<\/p>\n","protected":false},"excerpt":{"rendered":"<p>Esta semana participei da posse da nova diretoria do Conif e com muita satisfa\u00e7\u00e3o teremos, a partir deste ano, a nossa pr\u00f3-reitora de Ensino, Lucilene Ac\u00e1cio, representando o Ifac junto ao F\u00f3rum de Dirigentes de Ensino (FDE). Poder estar pr\u00f3ximo das a\u00e7\u00f5es que s\u00e3o discutidas e desenvolvidas pelo Conselho Nacional das Institui\u00e7\u00f5es da Rede Federal [&hellip;]<\/p>\n","protected":false},"author":27,"featured_media":0,"comment_status":"open","ping_status":"open","sticky":false,"template":"","format":"standard","meta":{"footnotes":""},"categories":[1],"tags":[],"class_list":["post-4038","post","type-post","status-publish","format-standard","hentry","category-sem-categoria"],"_links":{"self":[{"href":"https:\/\/web.ifac.edu.br\/reitora\/wp-json\/wp\/v2\/posts\/4038","targetHints":{"allow":["GET"]}}],"collection":[{"href":"https:\/\/web.ifac.edu.br\/reitora\/wp-json\/wp\/v2\/posts"}],"about":[{"href":"https:\/\/web.ifac.edu.br\/reitora\/wp-json\/wp\/v2\/types\/post"}],"author":[{"embeddable":true,"href":"https:\/\/web.ifac.edu.br\/reitora\/wp-json\/wp\/v2\/users\/27"}],"replies":[{"embeddable":true,"href":"https:\/\/web.ifac.edu.br\/reitora\/wp-json\/wp\/v2\/comments?post=4038"}],"version-history":[{"count":0,"href":"https:\/\/web.ifac.edu.br\/reitora\/wp-json\/wp\/v2\/posts\/4038\/revisions"}],"wp:attachment":[{"href":"https:\/\/web.ifac.edu.br\/reitora\/wp-json\/wp\/v2\/media?parent=4038"}],"wp:term":[{"taxonomy":"category","embeddable":true,"href":"https:\/\/web.ifac.edu.br\/reitora\/wp-json\/wp\/v2\/categories?post=4038"},{"taxonomy":"post_tag","embeddable":true,"href":"https:\/\/web.ifac.edu.br\/reitora\/wp-json\/wp\/v2\/tags?post=4038"}],"curies":[{"name":"wp","href":"https:\/\/api.w.org\/{rel}","templated":true}]}}