{"id":4031,"date":"2018-02-17T12:31:22","date_gmt":"2018-02-17T14:31:22","guid":{"rendered":"http:\/\/web.ifac.edu.br\/reitora\/?p=4031"},"modified":"2018-02-17T15:40:29","modified_gmt":"2018-02-17T17:40:29","slug":"ensino-diferenciado-e-de-futuro","status":"publish","type":"post","link":"https:\/\/web.ifac.edu.br\/reitora\/2018\/02\/17\/ensino-diferenciado-e-de-futuro\/","title":{"rendered":"Ensino diferenciado e de qualidade"},"content":{"rendered":"<p><img fetchpriority=\"high\" decoding=\"async\" class=\"alignnone wp-image-4032 size-full\" src=\"http:\/\/web.ifac.edu.br\/reitora\/wp-content\/uploads\/sites\/30\/2018\/02\/logoifac.jpg\" alt=\"\" width=\"750\" height=\"421\" srcset=\"https:\/\/web.ifac.edu.br\/reitora\/wp-content\/uploads\/sites\/30\/2018\/02\/logoifac.jpg 750w, https:\/\/web.ifac.edu.br\/reitora\/wp-content\/uploads\/sites\/30\/2018\/02\/logoifac-300x168.jpg 300w, https:\/\/web.ifac.edu.br\/reitora\/wp-content\/uploads\/sites\/30\/2018\/02\/logoifac-624x350.jpg 624w\" sizes=\"(max-width: 750px) 100vw, 750px\" \/><\/p>\n<p>O dia a dia em sala de aula \u00e9 muito importante. Mas levar ao aluno um novo conhecimento, a inser\u00e7\u00e3o em novas experi\u00eancias e a integra\u00e7\u00e3o com as mais diversas \u00e1reas, \u00e9 poder contribuir para o sucesso. E \u00e9 desta forma que o Instituto Federal do Acre tem trabalhado.<\/p>\n<p>Atualmente, o Ifac est\u00e1 instalado em cinco munic\u00edpios do Acre e tem garantido uma educa\u00e7\u00e3o gratuita e de qualidade aos estudantes que desejam cursar o Ensino M\u00e9dio.<\/p>\n<p>De forma integrada, os jovens t\u00eam tido oportunidade de realizar cursos t\u00e9cnicos, participar de eventos cient\u00edficos e tecnol\u00f3gicos, fazer interc\u00e2mbios, concorrer \u00e0 bolsas, al\u00e9m de integrar a\u00e7\u00f5es esportivas e culturais.<\/p>\n<p>E todo este investimento tem nos apontado um retorno positivo na vida destes estudantes. Prova disso s\u00e3o as aprova\u00e7\u00f5es de nossos jovens em cursos superiores, de institui\u00e7\u00f5es federais de todo o pa\u00eds.<\/p>\n<p>Leia mais:\u00a0<a href=\"http:\/\/portal.ifac.edu.br\/ultimas-noticias\/78-reitoria\/ensino\/1420-ifac-oferta-ensino-medio-diferenciado-e-garante-aprovacao-de-estudantes-no-enem\"><strong>http:\/\/portal.ifac.edu.br\/ultimas-noticias\/78-reitoria\/ensino\/1420-ifac-oferta-ensino-medio-diferenciado-e-garante-aprovacao-de-estudantes-no-enem<\/strong><\/a>.<\/p>\n","protected":false},"excerpt":{"rendered":"<p>O dia a dia em sala de aula \u00e9 muito importante. Mas levar ao aluno um novo conhecimento, a inser\u00e7\u00e3o em novas experi\u00eancias e a integra\u00e7\u00e3o com as mais diversas \u00e1reas, \u00e9 poder contribuir para o sucesso. E \u00e9 desta forma que o Instituto Federal do Acre tem trabalhado. Atualmente, o Ifac est\u00e1 instalado em [&hellip;]<\/p>\n","protected":false},"author":27,"featured_media":0,"comment_status":"open","ping_status":"open","sticky":false,"template":"","format":"standard","meta":{"footnotes":""},"categories":[2,1],"tags":[],"class_list":["post-4031","post","type-post","status-publish","format-standard","hentry","category-noticias","category-sem-categoria"],"_links":{"self":[{"href":"https:\/\/web.ifac.edu.br\/reitora\/wp-json\/wp\/v2\/posts\/4031","targetHints":{"allow":["GET"]}}],"collection":[{"href":"https:\/\/web.ifac.edu.br\/reitora\/wp-json\/wp\/v2\/posts"}],"about":[{"href":"https:\/\/web.ifac.edu.br\/reitora\/wp-json\/wp\/v2\/types\/post"}],"author":[{"embeddable":true,"href":"https:\/\/web.ifac.edu.br\/reitora\/wp-json\/wp\/v2\/users\/27"}],"replies":[{"embeddable":true,"href":"https:\/\/web.ifac.edu.br\/reitora\/wp-json\/wp\/v2\/comments?post=4031"}],"version-history":[{"count":0,"href":"https:\/\/web.ifac.edu.br\/reitora\/wp-json\/wp\/v2\/posts\/4031\/revisions"}],"wp:attachment":[{"href":"https:\/\/web.ifac.edu.br\/reitora\/wp-json\/wp\/v2\/media?parent=4031"}],"wp:term":[{"taxonomy":"category","embeddable":true,"href":"https:\/\/web.ifac.edu.br\/reitora\/wp-json\/wp\/v2\/categories?post=4031"},{"taxonomy":"post_tag","embeddable":true,"href":"https:\/\/web.ifac.edu.br\/reitora\/wp-json\/wp\/v2\/tags?post=4031"}],"curies":[{"name":"wp","href":"https:\/\/api.w.org\/{rel}","templated":true}]}}