{"id":4023,"date":"2018-02-16T12:26:58","date_gmt":"2018-02-16T14:26:58","guid":{"rendered":"http:\/\/web.ifac.edu.br\/reitora\/?p=4023"},"modified":"2018-02-16T15:29:36","modified_gmt":"2018-02-16T17:29:36","slug":"sejam-bem-vindo-ao-ifac","status":"publish","type":"post","link":"https:\/\/web.ifac.edu.br\/reitora\/2018\/02\/16\/sejam-bem-vindo-ao-ifac\/","title":{"rendered":"Sejam bem-vindo ao Ifac!"},"content":{"rendered":"<div class=\"\">\n<div class=\"_1mf _1mj\">O in\u00edcio de um novo ano letivo \u00e9 sempre um momento muito importante, n\u00e3o apenas para nossos estudantes, mas para todos que fazem parte do Instituto Federal do Acre.<\/div>\n<div><\/div>\n<div class=\"_1mf _1mj\"><span style=\"font-size: 1rem\">Que em 2018, todos possam aproveitar as in\u00fameras possibilidades que o Ifac tem a ofertar!\u00a0<\/span><\/div>\n<div><\/div>\n<div><span style=\"font-size: 1rem\">Em breve estarei com todos nossos alunos e servidores, nos campi Avan\u00e7ado Baixada do Sol, Cruzeiro do Sul, Rio Branco, Sena Madureira, Tarauac\u00e1 e Xapuri.<\/span><\/div>\n<\/div>\n<div><\/div>\n<div><\/div>\n<div><\/div>\n<div>\n<div style=\"width: 625px;\" class=\"wp-video\"><video class=\"wp-video-shortcode\" id=\"video-4023-1\" width=\"625\" height=\"352\" preload=\"metadata\" controls=\"controls\"><source type=\"video\/mp4\" src=\"http:\/\/web.ifac.edu.br\/reitora\/wp-content\/uploads\/sites\/30\/2018\/02\/BOAS-VINDAS-ROSANA.mp4?_=1\" \/><a href=\"http:\/\/web.ifac.edu.br\/reitora\/wp-content\/uploads\/sites\/30\/2018\/02\/BOAS-VINDAS-ROSANA.mp4\">http:\/\/web.ifac.edu.br\/reitora\/wp-content\/uploads\/sites\/30\/2018\/02\/BOAS-VINDAS-ROSANA.mp4<\/a><\/video><\/div>\n<\/div>\n","protected":false},"excerpt":{"rendered":"<p>O in\u00edcio de um novo ano letivo \u00e9 sempre um momento muito importante, n\u00e3o apenas para nossos estudantes, mas para todos que fazem parte do Instituto Federal do Acre. Que em 2018, todos possam aproveitar as in\u00fameras possibilidades que o Ifac tem a ofertar!\u00a0 Em breve estarei com todos nossos alunos e servidores, nos campi [&hellip;]<\/p>\n","protected":false},"author":27,"featured_media":0,"comment_status":"open","ping_status":"open","sticky":false,"template":"","format":"standard","meta":{"footnotes":""},"categories":[2],"tags":[],"class_list":["post-4023","post","type-post","status-publish","format-standard","hentry","category-noticias"],"_links":{"self":[{"href":"https:\/\/web.ifac.edu.br\/reitora\/wp-json\/wp\/v2\/posts\/4023","targetHints":{"allow":["GET"]}}],"collection":[{"href":"https:\/\/web.ifac.edu.br\/reitora\/wp-json\/wp\/v2\/posts"}],"about":[{"href":"https:\/\/web.ifac.edu.br\/reitora\/wp-json\/wp\/v2\/types\/post"}],"author":[{"embeddable":true,"href":"https:\/\/web.ifac.edu.br\/reitora\/wp-json\/wp\/v2\/users\/27"}],"replies":[{"embeddable":true,"href":"https:\/\/web.ifac.edu.br\/reitora\/wp-json\/wp\/v2\/comments?post=4023"}],"version-history":[{"count":0,"href":"https:\/\/web.ifac.edu.br\/reitora\/wp-json\/wp\/v2\/posts\/4023\/revisions"}],"wp:attachment":[{"href":"https:\/\/web.ifac.edu.br\/reitora\/wp-json\/wp\/v2\/media?parent=4023"}],"wp:term":[{"taxonomy":"category","embeddable":true,"href":"https:\/\/web.ifac.edu.br\/reitora\/wp-json\/wp\/v2\/categories?post=4023"},{"taxonomy":"post_tag","embeddable":true,"href":"https:\/\/web.ifac.edu.br\/reitora\/wp-json\/wp\/v2\/tags?post=4023"}],"curies":[{"name":"wp","href":"https:\/\/api.w.org\/{rel}","templated":true}]}}