{"id":4020,"date":"2017-12-28T13:51:03","date_gmt":"2017-12-28T15:51:03","guid":{"rendered":"http:\/\/web.ifac.edu.br\/reitora\/?p=4020"},"modified":"2017-12-28T13:51:28","modified_gmt":"2017-12-28T15:51:28","slug":"aniversario-de-rio-branco","status":"publish","type":"post","link":"https:\/\/web.ifac.edu.br\/reitora\/2017\/12\/28\/aniversario-de-rio-branco\/","title":{"rendered":"Parab\u00e9ns, Rio Branco!"},"content":{"rendered":"<p><img fetchpriority=\"high\" decoding=\"async\" class=\"alignnone wp-image-4021 size-large\" src=\"http:\/\/web.ifac.edu.br\/reitora\/wp-content\/uploads\/sites\/30\/2017\/12\/WhatsApp-Image-2017-12-20-at-11.48.20-1024x686.jpeg\" alt=\"\" width=\"625\" height=\"419\" srcset=\"https:\/\/web.ifac.edu.br\/reitora\/wp-content\/uploads\/sites\/30\/2017\/12\/WhatsApp-Image-2017-12-20-at-11.48.20-1024x686.jpeg 1024w, https:\/\/web.ifac.edu.br\/reitora\/wp-content\/uploads\/sites\/30\/2017\/12\/WhatsApp-Image-2017-12-20-at-11.48.20-300x201.jpeg 300w, https:\/\/web.ifac.edu.br\/reitora\/wp-content\/uploads\/sites\/30\/2017\/12\/WhatsApp-Image-2017-12-20-at-11.48.20-768x514.jpeg 768w, https:\/\/web.ifac.edu.br\/reitora\/wp-content\/uploads\/sites\/30\/2017\/12\/WhatsApp-Image-2017-12-20-at-11.48.20-624x418.jpeg 624w, https:\/\/web.ifac.edu.br\/reitora\/wp-content\/uploads\/sites\/30\/2017\/12\/WhatsApp-Image-2017-12-20-at-11.48.20.jpeg 1280w\" sizes=\"(max-width: 625px) 100vw, 625px\" \/><\/p>\n<p>Nossa homenagem ao munic\u00edpio que recebeu o Ifac de bra\u00e7os abertos e que acredita em uma educa\u00e7\u00e3o cient\u00edfica e tecnol\u00f3gica de qualidade. Parab\u00e9ns, Rio Branco!<\/p>\n","protected":false},"excerpt":{"rendered":"<p>Nossa homenagem ao munic\u00edpio que recebeu o Ifac de bra\u00e7os abertos e que acredita em uma educa\u00e7\u00e3o cient\u00edfica e tecnol\u00f3gica de qualidade. Parab\u00e9ns, Rio Branco!<\/p>\n","protected":false},"author":27,"featured_media":0,"comment_status":"open","ping_status":"open","sticky":false,"template":"","format":"standard","meta":{"footnotes":""},"categories":[1],"tags":[],"class_list":["post-4020","post","type-post","status-publish","format-standard","hentry","category-sem-categoria"],"_links":{"self":[{"href":"https:\/\/web.ifac.edu.br\/reitora\/wp-json\/wp\/v2\/posts\/4020","targetHints":{"allow":["GET"]}}],"collection":[{"href":"https:\/\/web.ifac.edu.br\/reitora\/wp-json\/wp\/v2\/posts"}],"about":[{"href":"https:\/\/web.ifac.edu.br\/reitora\/wp-json\/wp\/v2\/types\/post"}],"author":[{"embeddable":true,"href":"https:\/\/web.ifac.edu.br\/reitora\/wp-json\/wp\/v2\/users\/27"}],"replies":[{"embeddable":true,"href":"https:\/\/web.ifac.edu.br\/reitora\/wp-json\/wp\/v2\/comments?post=4020"}],"version-history":[{"count":0,"href":"https:\/\/web.ifac.edu.br\/reitora\/wp-json\/wp\/v2\/posts\/4020\/revisions"}],"wp:attachment":[{"href":"https:\/\/web.ifac.edu.br\/reitora\/wp-json\/wp\/v2\/media?parent=4020"}],"wp:term":[{"taxonomy":"category","embeddable":true,"href":"https:\/\/web.ifac.edu.br\/reitora\/wp-json\/wp\/v2\/categories?post=4020"},{"taxonomy":"post_tag","embeddable":true,"href":"https:\/\/web.ifac.edu.br\/reitora\/wp-json\/wp\/v2\/tags?post=4020"}],"curies":[{"name":"wp","href":"https:\/\/api.w.org\/{rel}","templated":true}]}}