{"id":4000,"date":"2017-12-20T13:32:19","date_gmt":"2017-12-20T15:32:19","guid":{"rendered":"http:\/\/web.ifac.edu.br\/reitora\/?p=4000"},"modified":"2017-12-20T13:37:04","modified_gmt":"2017-12-20T15:37:04","slug":"confraternizacao-ifac-2017","status":"publish","type":"post","link":"https:\/\/web.ifac.edu.br\/reitora\/2017\/12\/20\/confraternizacao-ifac-2017\/","title":{"rendered":"Confraterniza\u00e7\u00e3o Ifac 2017"},"content":{"rendered":"<p><img fetchpriority=\"high\" decoding=\"async\" class=\"alignnone wp-image-4001 size-large\" src=\"http:\/\/web.ifac.edu.br\/reitora\/wp-content\/uploads\/sites\/30\/2017\/12\/DSC_0236-1024x683.jpg\" alt=\"\" width=\"625\" height=\"417\" srcset=\"https:\/\/web.ifac.edu.br\/reitora\/wp-content\/uploads\/sites\/30\/2017\/12\/DSC_0236-1024x683.jpg 1024w, https:\/\/web.ifac.edu.br\/reitora\/wp-content\/uploads\/sites\/30\/2017\/12\/DSC_0236-300x200.jpg 300w, https:\/\/web.ifac.edu.br\/reitora\/wp-content\/uploads\/sites\/30\/2017\/12\/DSC_0236-768x512.jpg 768w, https:\/\/web.ifac.edu.br\/reitora\/wp-content\/uploads\/sites\/30\/2017\/12\/DSC_0236-624x416.jpg 624w\" sizes=\"(max-width: 625px) 100vw, 625px\" \/><\/p>\n<p>O ano est\u00e1 chegando ao fim e \u00e9 tempo de comemorar. Come\u00e7amos a semana realizando nossa confraterniza\u00e7\u00e3o que, pela primeira vez, reuniu servidores de todas as unidades do Ifac. Foi muito bom encontrar todos neste momento de alegria e divers\u00e3o. Que o nosso 2018 seja repleto de boas a\u00e7\u00f5es, integra\u00e7\u00e3o e que possamos continuar caminhando juntos em prol de uma educa\u00e7\u00e3o de qualidade.<\/p>\n<p><img decoding=\"async\" class=\"alignnone wp-image-4002 size-medium\" src=\"http:\/\/web.ifac.edu.br\/reitora\/wp-content\/uploads\/sites\/30\/2017\/12\/WhatsApp-Image-2017-12-20-at-10.26.02-300x225.jpeg\" alt=\"\" width=\"300\" height=\"225\" srcset=\"https:\/\/web.ifac.edu.br\/reitora\/wp-content\/uploads\/sites\/30\/2017\/12\/WhatsApp-Image-2017-12-20-at-10.26.02-300x225.jpeg 300w, https:\/\/web.ifac.edu.br\/reitora\/wp-content\/uploads\/sites\/30\/2017\/12\/WhatsApp-Image-2017-12-20-at-10.26.02-768x576.jpeg 768w, https:\/\/web.ifac.edu.br\/reitora\/wp-content\/uploads\/sites\/30\/2017\/12\/WhatsApp-Image-2017-12-20-at-10.26.02-1024x768.jpeg 1024w, https:\/\/web.ifac.edu.br\/reitora\/wp-content\/uploads\/sites\/30\/2017\/12\/WhatsApp-Image-2017-12-20-at-10.26.02-624x468.jpeg 624w, https:\/\/web.ifac.edu.br\/reitora\/wp-content\/uploads\/sites\/30\/2017\/12\/WhatsApp-Image-2017-12-20-at-10.26.02.jpeg 1280w\" sizes=\"(max-width: 300px) 100vw, 300px\" \/>\u00a0<img decoding=\"async\" class=\"alignnone wp-image-4003 size-medium\" src=\"http:\/\/web.ifac.edu.br\/reitora\/wp-content\/uploads\/sites\/30\/2017\/12\/WhatsApp-Image-2017-12-20-at-10.26.03-300x225.jpeg\" alt=\"\" width=\"300\" height=\"225\" srcset=\"https:\/\/web.ifac.edu.br\/reitora\/wp-content\/uploads\/sites\/30\/2017\/12\/WhatsApp-Image-2017-12-20-at-10.26.03-300x225.jpeg 300w, https:\/\/web.ifac.edu.br\/reitora\/wp-content\/uploads\/sites\/30\/2017\/12\/WhatsApp-Image-2017-12-20-at-10.26.03-768x576.jpeg 768w, https:\/\/web.ifac.edu.br\/reitora\/wp-content\/uploads\/sites\/30\/2017\/12\/WhatsApp-Image-2017-12-20-at-10.26.03-1024x768.jpeg 1024w, https:\/\/web.ifac.edu.br\/reitora\/wp-content\/uploads\/sites\/30\/2017\/12\/WhatsApp-Image-2017-12-20-at-10.26.03-624x468.jpeg 624w, https:\/\/web.ifac.edu.br\/reitora\/wp-content\/uploads\/sites\/30\/2017\/12\/WhatsApp-Image-2017-12-20-at-10.26.03.jpeg 1280w\" sizes=\"(max-width: 300px) 100vw, 300px\" \/><\/p>\n<p>Tamb\u00e9m estive junto com nossos profissionais terceirizados. S\u00e3o eles que tamb\u00e9m, no dia a dia, contribuem para que a nossa institui\u00e7\u00e3o caminhe cada vez mais para ser refer\u00eancia no Acre. Agrade\u00e7o aqui o empenho de cada um durante o ano de 2017 e que possamos trabalhar unidos no ano que se inicia.<\/p>\n<p>Obrigada a todos!<\/p>\n","protected":false},"excerpt":{"rendered":"<p>O ano est\u00e1 chegando ao fim e \u00e9 tempo de comemorar. Come\u00e7amos a semana realizando nossa confraterniza\u00e7\u00e3o que, pela primeira vez, reuniu servidores de todas as unidades do Ifac. Foi muito bom encontrar todos neste momento de alegria e divers\u00e3o. Que o nosso 2018 seja repleto de boas a\u00e7\u00f5es, integra\u00e7\u00e3o e que possamos continuar caminhando [&hellip;]<\/p>\n","protected":false},"author":27,"featured_media":0,"comment_status":"open","ping_status":"open","sticky":false,"template":"","format":"standard","meta":{"footnotes":""},"categories":[1],"tags":[],"class_list":["post-4000","post","type-post","status-publish","format-standard","hentry","category-sem-categoria"],"_links":{"self":[{"href":"https:\/\/web.ifac.edu.br\/reitora\/wp-json\/wp\/v2\/posts\/4000","targetHints":{"allow":["GET"]}}],"collection":[{"href":"https:\/\/web.ifac.edu.br\/reitora\/wp-json\/wp\/v2\/posts"}],"about":[{"href":"https:\/\/web.ifac.edu.br\/reitora\/wp-json\/wp\/v2\/types\/post"}],"author":[{"embeddable":true,"href":"https:\/\/web.ifac.edu.br\/reitora\/wp-json\/wp\/v2\/users\/27"}],"replies":[{"embeddable":true,"href":"https:\/\/web.ifac.edu.br\/reitora\/wp-json\/wp\/v2\/comments?post=4000"}],"version-history":[{"count":0,"href":"https:\/\/web.ifac.edu.br\/reitora\/wp-json\/wp\/v2\/posts\/4000\/revisions"}],"wp:attachment":[{"href":"https:\/\/web.ifac.edu.br\/reitora\/wp-json\/wp\/v2\/media?parent=4000"}],"wp:term":[{"taxonomy":"category","embeddable":true,"href":"https:\/\/web.ifac.edu.br\/reitora\/wp-json\/wp\/v2\/categories?post=4000"},{"taxonomy":"post_tag","embeddable":true,"href":"https:\/\/web.ifac.edu.br\/reitora\/wp-json\/wp\/v2\/tags?post=4000"}],"curies":[{"name":"wp","href":"https:\/\/api.w.org\/{rel}","templated":true}]}}