{"id":3994,"date":"2017-12-06T14:48:31","date_gmt":"2017-12-06T16:48:31","guid":{"rendered":"http:\/\/web.ifac.edu.br\/reitora\/?p=3994"},"modified":"2017-12-20T13:35:02","modified_gmt":"2017-12-20T15:35:02","slug":"3994","status":"publish","type":"post","link":"https:\/\/web.ifac.edu.br\/reitora\/2017\/12\/06\/3994\/","title":{"rendered":"Simp\u00f3sio sobre Sa\u00fade e Qualidade de Vida do Servidor"},"content":{"rendered":"<p>Iniciamos essa semana participando do Simp\u00f3sio\u00a0sobre\u00a0Sa\u00fade\u00a0e Qualidade de Vida do Servidor da Educa\u00e7\u00e3o Publica, este importante projeto de extens\u00e3o alerta para a preven\u00e7\u00e3o de doen\u00e7as ocupacionais nos profissionais da Educa\u00e7\u00e3o P\u00fablica, al\u00e9m de contribuir para a qualidade de vida tanto no ambiente organizacional quanto na vida cotidiana.<br \/>\n<img fetchpriority=\"high\" decoding=\"async\" class=\"wp-image-3995 aligncenter\" src=\"http:\/\/web.ifac.edu.br\/reitora\/wp-content\/uploads\/sites\/30\/2017\/12\/blog_dez-2-1024x768.jpeg\" alt=\"\" width=\"570\" height=\"427\" srcset=\"https:\/\/web.ifac.edu.br\/reitora\/wp-content\/uploads\/sites\/30\/2017\/12\/blog_dez-2.jpeg 1024w, https:\/\/web.ifac.edu.br\/reitora\/wp-content\/uploads\/sites\/30\/2017\/12\/blog_dez-2-300x225.jpeg 300w, https:\/\/web.ifac.edu.br\/reitora\/wp-content\/uploads\/sites\/30\/2017\/12\/blog_dez-2-768x576.jpeg 768w, https:\/\/web.ifac.edu.br\/reitora\/wp-content\/uploads\/sites\/30\/2017\/12\/blog_dez-2-624x468.jpeg 624w\" sizes=\"(max-width: 570px) 100vw, 570px\" \/><br \/>\nNa sequ\u00eancia tive uma agenda important\u00edssima com a governadora do Estado do Acre \u00a0em exerc\u00edcio, \u00a0que fortalece a ainda mais a parceira com o Ifac.<img decoding=\"async\" class=\"size-large wp-image-3996 aligncenter\" src=\"http:\/\/web.ifac.edu.br\/reitora\/wp-content\/uploads\/sites\/30\/2017\/12\/blog_dez-1-1024x768.jpeg\" alt=\"\" width=\"625\" height=\"469\" srcset=\"https:\/\/web.ifac.edu.br\/reitora\/wp-content\/uploads\/sites\/30\/2017\/12\/blog_dez-1.jpeg 1024w, https:\/\/web.ifac.edu.br\/reitora\/wp-content\/uploads\/sites\/30\/2017\/12\/blog_dez-1-300x225.jpeg 300w, https:\/\/web.ifac.edu.br\/reitora\/wp-content\/uploads\/sites\/30\/2017\/12\/blog_dez-1-768x576.jpeg 768w, https:\/\/web.ifac.edu.br\/reitora\/wp-content\/uploads\/sites\/30\/2017\/12\/blog_dez-1-624x468.jpeg 624w\" sizes=\"(max-width: 625px) 100vw, 625px\" \/><\/p>\n","protected":false},"excerpt":{"rendered":"<p>Iniciamos essa semana participando do Simp\u00f3sio\u00a0sobre\u00a0Sa\u00fade\u00a0e Qualidade de Vida do Servidor da Educa\u00e7\u00e3o Publica, este importante projeto de extens\u00e3o alerta para a preven\u00e7\u00e3o de doen\u00e7as ocupacionais nos profissionais da Educa\u00e7\u00e3o P\u00fablica, al\u00e9m de contribuir para a qualidade de vida tanto no ambiente organizacional quanto na vida cotidiana. Na sequ\u00eancia tive uma agenda important\u00edssima com a [&hellip;]<\/p>\n","protected":false},"author":15,"featured_media":0,"comment_status":"open","ping_status":"open","sticky":false,"template":"","format":"standard","meta":{"footnotes":""},"categories":[1],"tags":[],"class_list":["post-3994","post","type-post","status-publish","format-standard","hentry","category-sem-categoria"],"_links":{"self":[{"href":"https:\/\/web.ifac.edu.br\/reitora\/wp-json\/wp\/v2\/posts\/3994","targetHints":{"allow":["GET"]}}],"collection":[{"href":"https:\/\/web.ifac.edu.br\/reitora\/wp-json\/wp\/v2\/posts"}],"about":[{"href":"https:\/\/web.ifac.edu.br\/reitora\/wp-json\/wp\/v2\/types\/post"}],"author":[{"embeddable":true,"href":"https:\/\/web.ifac.edu.br\/reitora\/wp-json\/wp\/v2\/users\/15"}],"replies":[{"embeddable":true,"href":"https:\/\/web.ifac.edu.br\/reitora\/wp-json\/wp\/v2\/comments?post=3994"}],"version-history":[{"count":0,"href":"https:\/\/web.ifac.edu.br\/reitora\/wp-json\/wp\/v2\/posts\/3994\/revisions"}],"wp:attachment":[{"href":"https:\/\/web.ifac.edu.br\/reitora\/wp-json\/wp\/v2\/media?parent=3994"}],"wp:term":[{"taxonomy":"category","embeddable":true,"href":"https:\/\/web.ifac.edu.br\/reitora\/wp-json\/wp\/v2\/categories?post=3994"},{"taxonomy":"post_tag","embeddable":true,"href":"https:\/\/web.ifac.edu.br\/reitora\/wp-json\/wp\/v2\/tags?post=3994"}],"curies":[{"name":"wp","href":"https:\/\/api.w.org\/{rel}","templated":true}]}}