{"id":3976,"date":"2017-12-03T21:09:45","date_gmt":"2017-12-03T23:09:45","guid":{"rendered":"http:\/\/web.ifac.edu.br\/reitora\/?p=3976"},"modified":"2017-12-20T13:38:16","modified_gmt":"2017-12-20T15:38:16","slug":"ii-congresso-de-ciencia-e-tecnologia","status":"publish","type":"post","link":"https:\/\/web.ifac.edu.br\/reitora\/2017\/12\/03\/ii-congresso-de-ciencia-e-tecnologia\/","title":{"rendered":"II Congresso de Ci\u00eancia e Tecnologia"},"content":{"rendered":"<p><img fetchpriority=\"high\" decoding=\"async\" class=\"alignnone wp-image-3990 size-large\" src=\"http:\/\/web.ifac.edu.br\/reitora\/wp-content\/uploads\/sites\/30\/2017\/12\/DSC_0615-001-1024x503.jpg\" alt=\"\" width=\"625\" height=\"307\" srcset=\"https:\/\/web.ifac.edu.br\/reitora\/wp-content\/uploads\/sites\/30\/2017\/12\/DSC_0615-001-1024x503.jpg 1024w, https:\/\/web.ifac.edu.br\/reitora\/wp-content\/uploads\/sites\/30\/2017\/12\/DSC_0615-001-300x147.jpg 300w, https:\/\/web.ifac.edu.br\/reitora\/wp-content\/uploads\/sites\/30\/2017\/12\/DSC_0615-001-768x377.jpg 768w, https:\/\/web.ifac.edu.br\/reitora\/wp-content\/uploads\/sites\/30\/2017\/12\/DSC_0615-001-624x306.jpg 624w\" sizes=\"(max-width: 625px) 100vw, 625px\" \/><\/p>\n<p>Encerramos essa semana um do eventos mais importantes da nossa institui\u00e7\u00e3o, o II Congresso de Ci\u00eancia e Tecnologia. Esse ano, em um formato totalmente diferenciado, pois aconteceu em tr\u00eas munic\u00edpios (Xapuri, Seja Sena Madureira e Rio Branco), foi imposs\u00edvel n\u00e3o sentir orgulho do nosso Instituto Federal, dos nossos servidores, alunos e parceiros.<\/p>\n<p>Antes mesmo de ressaltar nossas produ\u00e7\u00f5es e apresenta\u00e7\u00f5es ao longo desses tr\u00eas dias, quero aqui agradecer o esfor\u00e7o, dedica\u00e7\u00e3o e compromisso de cada servidor, estudantes e da comunidade. Meu muito obrigado tamb\u00e9m ao professor da Ufac, Anselmo Rodriguez, que nos acompanhou durante todos os dias avaliando os trabalhos de pesquisa, extens\u00e3o, ensino e p\u00f3s-gradua\u00e7\u00e3o.<\/p>\n<p>Foram cerca de 200 trabalhos apresentados durante os tr\u00eas dias e que s\u00e3o resultados de nossas a\u00e7\u00f5es e pol\u00edticas voltadas para a pesquisa e extens\u00e3o. Inovar, pesquisar, abrir novos caminhos pela ci\u00eancia \u00e9 sim o futuro do nosso pa\u00eds. Visitei os trabalhos expostos por nossos estudantes, docentes e t\u00e9cnicos administrativos, como tamb\u00e9m de alunos e professores de institui\u00e7\u00f5es externas, como a Uninorte e o Instituto Federal de Rond\u00f4nia.<\/p>\n<p>Conheci de perto os produtos que os nossos estudantes de Xapuri, do curso superior de Tecnologia em Agroind\u00fastria, j\u00e1 esta o produzi do e movimento o mercado de trabalho, a produ\u00e7\u00e3o rural local, o munic\u00edpio. Por meio da produ\u00e7\u00e3o de licores e doces, por exexemplo, Estamos nos destacando na regi\u00e3o. A reprodu\u00e7\u00e3o de peixes Beta, pelos estudantes do campus Avan\u00e7ado Baixada do Sol, tamb\u00e9m j\u00e1 \u00e9 realidade no Acre. Al\u00e9m do trabalho exitoso dos professores de Sena Madureira em\u00a0 aproximar experi\u00eancias cient\u00edficas \u00e0 realidade dos estudantes e da comunidade.<\/p>\n<p>O evento foi um sucesso e que a pr\u00f3xima edi\u00e7\u00e3o possamos mostrar cada vez mais nossas a\u00e7\u00f5es para a comunidade. Parab\u00e9ns a todos!<\/p>\n\n\t\t<style type=\"text\/css\">\n\t\t\t#gallery-1 {\n\t\t\t\tmargin: auto;\n\t\t\t}\n\t\t\t#gallery-1 .gallery-item {\n\t\t\t\tfloat: left;\n\t\t\t\tmargin-top: 10px;\n\t\t\t\ttext-align: center;\n\t\t\t\twidth: 33%;\n\t\t\t}\n\t\t\t#gallery-1 img {\n\t\t\t\tborder: 2px solid #cfcfcf;\n\t\t\t}\n\t\t\t#gallery-1 .gallery-caption {\n\t\t\t\tmargin-left: 0;\n\t\t\t}\n\t\t\t\/* see gallery_shortcode() in wp-includes\/media.php *\/\n\t\t<\/style>\n\t\t<div id='gallery-1' class='gallery galleryid-3976 gallery-columns-3 gallery-size-large'><dl class='gallery-item'>\n\t\t\t<dt class='gallery-icon landscape'>\n\t\t\t\t<a href='https:\/\/web.ifac.edu.br\/reitora\/wp-content\/uploads\/sites\/30\/2017\/12\/conct-2.jpeg'><img decoding=\"async\" width=\"625\" height=\"469\" src=\"https:\/\/web.ifac.edu.br\/reitora\/wp-content\/uploads\/sites\/30\/2017\/12\/conct-2-1024x768.jpeg\" class=\"attachment-large size-large\" alt=\"\" aria-describedby=\"gallery-1-3978\" srcset=\"https:\/\/web.ifac.edu.br\/reitora\/wp-content\/uploads\/sites\/30\/2017\/12\/conct-2-1024x768.jpeg 1024w, https:\/\/web.ifac.edu.br\/reitora\/wp-content\/uploads\/sites\/30\/2017\/12\/conct-2-300x225.jpeg 300w, https:\/\/web.ifac.edu.br\/reitora\/wp-content\/uploads\/sites\/30\/2017\/12\/conct-2-768x576.jpeg 768w, https:\/\/web.ifac.edu.br\/reitora\/wp-content\/uploads\/sites\/30\/2017\/12\/conct-2-624x468.jpeg 624w, https:\/\/web.ifac.edu.br\/reitora\/wp-content\/uploads\/sites\/30\/2017\/12\/conct-2.jpeg 1280w\" sizes=\"(max-width: 625px) 100vw, 625px\" \/><\/a>\n\t\t\t<\/dt>\n\t\t\t\t<dd class='wp-caption-text gallery-caption' id='gallery-1-3978'>\n\t\t\t\tEm sena visitando os projetos dos alunos\n\t\t\t\t<\/dd><\/dl><dl class='gallery-item'>\n\t\t\t<dt class='gallery-icon landscape'>\n\t\t\t\t<a href='https:\/\/web.ifac.edu.br\/reitora\/wp-content\/uploads\/sites\/30\/2017\/12\/conct-8.jpeg'><img decoding=\"async\" width=\"625\" height=\"385\" src=\"https:\/\/web.ifac.edu.br\/reitora\/wp-content\/uploads\/sites\/30\/2017\/12\/conct-8-1024x631.jpeg\" class=\"attachment-large size-large\" alt=\"\" aria-describedby=\"gallery-1-3984\" srcset=\"https:\/\/web.ifac.edu.br\/reitora\/wp-content\/uploads\/sites\/30\/2017\/12\/conct-8-1024x631.jpeg 1024w, https:\/\/web.ifac.edu.br\/reitora\/wp-content\/uploads\/sites\/30\/2017\/12\/conct-8-300x185.jpeg 300w, https:\/\/web.ifac.edu.br\/reitora\/wp-content\/uploads\/sites\/30\/2017\/12\/conct-8-768x473.jpeg 768w, https:\/\/web.ifac.edu.br\/reitora\/wp-content\/uploads\/sites\/30\/2017\/12\/conct-8-624x385.jpeg 624w, https:\/\/web.ifac.edu.br\/reitora\/wp-content\/uploads\/sites\/30\/2017\/12\/conct-8.jpeg 1280w\" sizes=\"(max-width: 625px) 100vw, 625px\" \/><\/a>\n\t\t\t<\/dt>\n\t\t\t\t<dd class='wp-caption-text gallery-caption' id='gallery-1-3984'>\n\t\t\t\tProdutos produzidos no curso de Tecnologia em Agroind\u00fastria de Xapuri\n\t\t\t\t<\/dd><\/dl><dl class='gallery-item'>\n\t\t\t<dt class='gallery-icon landscape'>\n\t\t\t\t<a href='https:\/\/web.ifac.edu.br\/reitora\/wp-content\/uploads\/sites\/30\/2017\/12\/conct-7.jpeg'><img loading=\"lazy\" decoding=\"async\" width=\"625\" height=\"402\" src=\"https:\/\/web.ifac.edu.br\/reitora\/wp-content\/uploads\/sites\/30\/2017\/12\/conct-7-1024x659.jpeg\" class=\"attachment-large size-large\" alt=\"\" aria-describedby=\"gallery-1-3983\" srcset=\"https:\/\/web.ifac.edu.br\/reitora\/wp-content\/uploads\/sites\/30\/2017\/12\/conct-7-1024x659.jpeg 1024w, https:\/\/web.ifac.edu.br\/reitora\/wp-content\/uploads\/sites\/30\/2017\/12\/conct-7-300x193.jpeg 300w, https:\/\/web.ifac.edu.br\/reitora\/wp-content\/uploads\/sites\/30\/2017\/12\/conct-7-768x494.jpeg 768w, https:\/\/web.ifac.edu.br\/reitora\/wp-content\/uploads\/sites\/30\/2017\/12\/conct-7-624x402.jpeg 624w, https:\/\/web.ifac.edu.br\/reitora\/wp-content\/uploads\/sites\/30\/2017\/12\/conct-7.jpeg 1280w\" sizes=\"(max-width: 625px) 100vw, 625px\" \/><\/a>\n\t\t\t<\/dt>\n\t\t\t\t<dd class='wp-caption-text gallery-caption' id='gallery-1-3983'>\n\t\t\t\tProdutos produzidos no curso de Tecnologia em Agroind\u00fastria de Xapuri\n\t\t\t\t<\/dd><\/dl><br style=\"clear: both\" \/><dl class='gallery-item'>\n\t\t\t<dt class='gallery-icon landscape'>\n\t\t\t\t<a href='https:\/\/web.ifac.edu.br\/reitora\/wp-content\/uploads\/sites\/30\/2017\/12\/conct-6.jpeg'><img loading=\"lazy\" decoding=\"async\" width=\"625\" height=\"408\" src=\"https:\/\/web.ifac.edu.br\/reitora\/wp-content\/uploads\/sites\/30\/2017\/12\/conct-6-1024x669.jpeg\" class=\"attachment-large size-large\" alt=\"\" aria-describedby=\"gallery-1-3982\" srcset=\"https:\/\/web.ifac.edu.br\/reitora\/wp-content\/uploads\/sites\/30\/2017\/12\/conct-6-1024x669.jpeg 1024w, https:\/\/web.ifac.edu.br\/reitora\/wp-content\/uploads\/sites\/30\/2017\/12\/conct-6-300x196.jpeg 300w, https:\/\/web.ifac.edu.br\/reitora\/wp-content\/uploads\/sites\/30\/2017\/12\/conct-6-768x502.jpeg 768w, https:\/\/web.ifac.edu.br\/reitora\/wp-content\/uploads\/sites\/30\/2017\/12\/conct-6-624x408.jpeg 624w, https:\/\/web.ifac.edu.br\/reitora\/wp-content\/uploads\/sites\/30\/2017\/12\/conct-6.jpeg 1280w\" sizes=\"(max-width: 625px) 100vw, 625px\" \/><\/a>\n\t\t\t<\/dt>\n\t\t\t\t<dd class='wp-caption-text gallery-caption' id='gallery-1-3982'>\n\t\t\t\tProdutos produzidos no curso de Tecnologia em Agroind\u00fastria de Xapuri\n\t\t\t\t<\/dd><\/dl><dl class='gallery-item'>\n\t\t\t<dt class='gallery-icon landscape'>\n\t\t\t\t<a href='https:\/\/web.ifac.edu.br\/reitora\/wp-content\/uploads\/sites\/30\/2017\/12\/conct-5.jpeg'><img loading=\"lazy\" decoding=\"async\" width=\"625\" height=\"469\" src=\"https:\/\/web.ifac.edu.br\/reitora\/wp-content\/uploads\/sites\/30\/2017\/12\/conct-5-1024x768.jpeg\" class=\"attachment-large size-large\" alt=\"\" aria-describedby=\"gallery-1-3981\" srcset=\"https:\/\/web.ifac.edu.br\/reitora\/wp-content\/uploads\/sites\/30\/2017\/12\/conct-5-1024x768.jpeg 1024w, https:\/\/web.ifac.edu.br\/reitora\/wp-content\/uploads\/sites\/30\/2017\/12\/conct-5-300x225.jpeg 300w, https:\/\/web.ifac.edu.br\/reitora\/wp-content\/uploads\/sites\/30\/2017\/12\/conct-5-768x576.jpeg 768w, https:\/\/web.ifac.edu.br\/reitora\/wp-content\/uploads\/sites\/30\/2017\/12\/conct-5-624x468.jpeg 624w, https:\/\/web.ifac.edu.br\/reitora\/wp-content\/uploads\/sites\/30\/2017\/12\/conct-5.jpeg 1280w\" sizes=\"(max-width: 625px) 100vw, 625px\" \/><\/a>\n\t\t\t<\/dt>\n\t\t\t\t<dd class='wp-caption-text gallery-caption' id='gallery-1-3981'>\n\t\t\t\tVisita ao campus Rio Branco\n\t\t\t\t<\/dd><\/dl><dl class='gallery-item'>\n\t\t\t<dt class='gallery-icon landscape'>\n\t\t\t\t<a href='https:\/\/web.ifac.edu.br\/reitora\/wp-content\/uploads\/sites\/30\/2017\/12\/conct-4.jpeg'><img loading=\"lazy\" decoding=\"async\" width=\"625\" height=\"469\" src=\"https:\/\/web.ifac.edu.br\/reitora\/wp-content\/uploads\/sites\/30\/2017\/12\/conct-4-1024x768.jpeg\" class=\"attachment-large size-large\" alt=\"\" aria-describedby=\"gallery-1-3980\" srcset=\"https:\/\/web.ifac.edu.br\/reitora\/wp-content\/uploads\/sites\/30\/2017\/12\/conct-4-1024x768.jpeg 1024w, https:\/\/web.ifac.edu.br\/reitora\/wp-content\/uploads\/sites\/30\/2017\/12\/conct-4-300x225.jpeg 300w, https:\/\/web.ifac.edu.br\/reitora\/wp-content\/uploads\/sites\/30\/2017\/12\/conct-4-768x576.jpeg 768w, https:\/\/web.ifac.edu.br\/reitora\/wp-content\/uploads\/sites\/30\/2017\/12\/conct-4-624x468.jpeg 624w, https:\/\/web.ifac.edu.br\/reitora\/wp-content\/uploads\/sites\/30\/2017\/12\/conct-4.jpeg 1280w\" sizes=\"(max-width: 625px) 100vw, 625px\" \/><\/a>\n\t\t\t<\/dt>\n\t\t\t\t<dd class='wp-caption-text gallery-caption' id='gallery-1-3980'>\n\t\t\t\tAlunas da Campus Avan\u00e7ado Baixada do Sol apresentando trabalho\n\t\t\t\t<\/dd><\/dl><br style=\"clear: both\" \/><dl class='gallery-item'>\n\t\t\t<dt class='gallery-icon landscape'>\n\t\t\t\t<a href='https:\/\/web.ifac.edu.br\/reitora\/wp-content\/uploads\/sites\/30\/2017\/12\/conct-3.jpeg'><img loading=\"lazy\" decoding=\"async\" width=\"625\" height=\"469\" src=\"https:\/\/web.ifac.edu.br\/reitora\/wp-content\/uploads\/sites\/30\/2017\/12\/conct-3-1024x768.jpeg\" class=\"attachment-large size-large\" alt=\"\" aria-describedby=\"gallery-1-3979\" srcset=\"https:\/\/web.ifac.edu.br\/reitora\/wp-content\/uploads\/sites\/30\/2017\/12\/conct-3-1024x768.jpeg 1024w, https:\/\/web.ifac.edu.br\/reitora\/wp-content\/uploads\/sites\/30\/2017\/12\/conct-3-300x225.jpeg 300w, https:\/\/web.ifac.edu.br\/reitora\/wp-content\/uploads\/sites\/30\/2017\/12\/conct-3-768x576.jpeg 768w, https:\/\/web.ifac.edu.br\/reitora\/wp-content\/uploads\/sites\/30\/2017\/12\/conct-3-624x468.jpeg 624w, https:\/\/web.ifac.edu.br\/reitora\/wp-content\/uploads\/sites\/30\/2017\/12\/conct-3.jpeg 1280w\" sizes=\"(max-width: 625px) 100vw, 625px\" \/><\/a>\n\t\t\t<\/dt>\n\t\t\t\t<dd class='wp-caption-text gallery-caption' id='gallery-1-3979'>\n\t\t\t\tProfessor Ancelmo da UFAC como avaliador do CNPq\n\t\t\t\t<\/dd><\/dl><dl class='gallery-item'>\n\t\t\t<dt class='gallery-icon landscape'>\n\t\t\t\t<a href='https:\/\/web.ifac.edu.br\/reitora\/wp-content\/uploads\/sites\/30\/2017\/12\/conct-1.jpeg'><img loading=\"lazy\" decoding=\"async\" width=\"625\" height=\"469\" src=\"https:\/\/web.ifac.edu.br\/reitora\/wp-content\/uploads\/sites\/30\/2017\/12\/conct-1-1024x768.jpeg\" class=\"attachment-large size-large\" alt=\"\" aria-describedby=\"gallery-1-3977\" srcset=\"https:\/\/web.ifac.edu.br\/reitora\/wp-content\/uploads\/sites\/30\/2017\/12\/conct-1-1024x768.jpeg 1024w, https:\/\/web.ifac.edu.br\/reitora\/wp-content\/uploads\/sites\/30\/2017\/12\/conct-1-300x225.jpeg 300w, https:\/\/web.ifac.edu.br\/reitora\/wp-content\/uploads\/sites\/30\/2017\/12\/conct-1-768x576.jpeg 768w, https:\/\/web.ifac.edu.br\/reitora\/wp-content\/uploads\/sites\/30\/2017\/12\/conct-1-624x468.jpeg 624w, https:\/\/web.ifac.edu.br\/reitora\/wp-content\/uploads\/sites\/30\/2017\/12\/conct-1.jpeg 1280w\" sizes=\"(max-width: 625px) 100vw, 625px\" \/><\/a>\n\t\t\t<\/dt>\n\t\t\t\t<dd class='wp-caption-text gallery-caption' id='gallery-1-3977'>\n\t\t\t\tProdu\u00e7\u00e3o de peixes ornamentais na baixada do Sol\n\t\t\t\t<\/dd><\/dl>\n\t\t\t<br style='clear: both' \/>\n\t\t<\/div>\n\n","protected":false},"excerpt":{"rendered":"<p>Encerramos essa semana um do eventos mais importantes da nossa institui\u00e7\u00e3o, o II Congresso de Ci\u00eancia e Tecnologia. Esse ano, em um formato totalmente diferenciado, pois aconteceu em tr\u00eas munic\u00edpios (Xapuri, Seja Sena Madureira e Rio Branco), foi imposs\u00edvel n\u00e3o sentir orgulho do nosso Instituto Federal, dos nossos servidores, alunos e parceiros. Antes mesmo de [&hellip;]<\/p>\n","protected":false},"author":15,"featured_media":0,"comment_status":"open","ping_status":"open","sticky":false,"template":"","format":"standard","meta":{"footnotes":""},"categories":[2],"tags":[],"class_list":["post-3976","post","type-post","status-publish","format-standard","hentry","category-noticias"],"_links":{"self":[{"href":"https:\/\/web.ifac.edu.br\/reitora\/wp-json\/wp\/v2\/posts\/3976","targetHints":{"allow":["GET"]}}],"collection":[{"href":"https:\/\/web.ifac.edu.br\/reitora\/wp-json\/wp\/v2\/posts"}],"about":[{"href":"https:\/\/web.ifac.edu.br\/reitora\/wp-json\/wp\/v2\/types\/post"}],"author":[{"embeddable":true,"href":"https:\/\/web.ifac.edu.br\/reitora\/wp-json\/wp\/v2\/users\/15"}],"replies":[{"embeddable":true,"href":"https:\/\/web.ifac.edu.br\/reitora\/wp-json\/wp\/v2\/comments?post=3976"}],"version-history":[{"count":0,"href":"https:\/\/web.ifac.edu.br\/reitora\/wp-json\/wp\/v2\/posts\/3976\/revisions"}],"wp:attachment":[{"href":"https:\/\/web.ifac.edu.br\/reitora\/wp-json\/wp\/v2\/media?parent=3976"}],"wp:term":[{"taxonomy":"category","embeddable":true,"href":"https:\/\/web.ifac.edu.br\/reitora\/wp-json\/wp\/v2\/categories?post=3976"},{"taxonomy":"post_tag","embeddable":true,"href":"https:\/\/web.ifac.edu.br\/reitora\/wp-json\/wp\/v2\/tags?post=3976"}],"curies":[{"name":"wp","href":"https:\/\/api.w.org\/{rel}","templated":true}]}}