{"id":3971,"date":"2017-11-23T11:44:00","date_gmt":"2017-11-23T13:44:00","guid":{"rendered":"http:\/\/web.ifac.edu.br\/reitora\/?p=3971"},"modified":"2017-11-23T11:44:00","modified_gmt":"2017-11-23T13:44:00","slug":"lancamento-do-1o-livro-de-pesquisa-pos-graduacao-e-inovacao-da-rede-federal","status":"publish","type":"post","link":"https:\/\/web.ifac.edu.br\/reitora\/2017\/11\/23\/lancamento-do-1o-livro-de-pesquisa-pos-graduacao-e-inovacao-da-rede-federal\/","title":{"rendered":"Lan\u00e7amento do 1\u00ba livro de pesquisa, p\u00f3s-gradua\u00e7\u00e3o e inova\u00e7\u00e3o da Rede Federal"},"content":{"rendered":"<p><img fetchpriority=\"high\" decoding=\"async\" class=\"alignnone wp-image-3973 size-large\" src=\"http:\/\/web.ifac.edu.br\/reitora\/wp-content\/uploads\/sites\/30\/2017\/11\/WhatsApp-Image-2017-11-23-at-07.57.14-1024x768.jpeg\" alt=\"\" width=\"625\" height=\"469\" srcset=\"https:\/\/web.ifac.edu.br\/reitora\/wp-content\/uploads\/sites\/30\/2017\/11\/WhatsApp-Image-2017-11-23-at-07.57.14-1024x768.jpeg 1024w, https:\/\/web.ifac.edu.br\/reitora\/wp-content\/uploads\/sites\/30\/2017\/11\/WhatsApp-Image-2017-11-23-at-07.57.14-300x225.jpeg 300w, https:\/\/web.ifac.edu.br\/reitora\/wp-content\/uploads\/sites\/30\/2017\/11\/WhatsApp-Image-2017-11-23-at-07.57.14-768x576.jpeg 768w, https:\/\/web.ifac.edu.br\/reitora\/wp-content\/uploads\/sites\/30\/2017\/11\/WhatsApp-Image-2017-11-23-at-07.57.14-624x468.jpeg 624w, https:\/\/web.ifac.edu.br\/reitora\/wp-content\/uploads\/sites\/30\/2017\/11\/WhatsApp-Image-2017-11-23-at-07.57.14.jpeg 1280w\" sizes=\"(max-width: 625px) 100vw, 625px\" \/><\/p>\n<p>Ontem foi um dia muito importante para a nossa institui\u00e7\u00e3o, pois durante as atividades da 41\u00aa Reditec aconteceu o lan\u00e7amento do primeiro livro de pesquisa, p\u00f3s-gradua\u00e7\u00e3o e inova\u00e7\u00e3o da Rede Federal.<\/p>\n<p><img decoding=\"async\" class=\"size-medium wp-image-3972 alignleft\" src=\"http:\/\/web.ifac.edu.br\/reitora\/wp-content\/uploads\/sites\/30\/2017\/11\/WhatsApp-Image-2017-11-23-at-07.56.47-300x225.jpeg\" alt=\"\" width=\"300\" height=\"225\" srcset=\"https:\/\/web.ifac.edu.br\/reitora\/wp-content\/uploads\/sites\/30\/2017\/11\/WhatsApp-Image-2017-11-23-at-07.56.47-300x225.jpeg 300w, https:\/\/web.ifac.edu.br\/reitora\/wp-content\/uploads\/sites\/30\/2017\/11\/WhatsApp-Image-2017-11-23-at-07.56.47-768x576.jpeg 768w, https:\/\/web.ifac.edu.br\/reitora\/wp-content\/uploads\/sites\/30\/2017\/11\/WhatsApp-Image-2017-11-23-at-07.56.47-1024x768.jpeg 1024w, https:\/\/web.ifac.edu.br\/reitora\/wp-content\/uploads\/sites\/30\/2017\/11\/WhatsApp-Image-2017-11-23-at-07.56.47-624x468.jpeg 624w, https:\/\/web.ifac.edu.br\/reitora\/wp-content\/uploads\/sites\/30\/2017\/11\/WhatsApp-Image-2017-11-23-at-07.56.47.jpeg 1280w\" sizes=\"(max-width: 300px) 100vw, 300px\" \/>A obra, que conta com informa\u00e7\u00f5es de diversas institui\u00e7\u00f5es do nosso pa\u00eds, tamb\u00e9m contempla as atividades desenvolvidas pelo Ifac nos \u00faltimos anos.<\/p>\n<p>E mais do que isso! Tivemos a oportunidade de seremos os autores do pref\u00e1cio do livro. Escrevi cada palavra com muito carinho e tendo a certeza da import\u00e2ncia que \u00e9 o Instituto Federal do Acre para a nossa comunidade e para o pa\u00eds.<\/p>\n","protected":false},"excerpt":{"rendered":"<p>Ontem foi um dia muito importante para a nossa institui\u00e7\u00e3o, pois durante as atividades da 41\u00aa Reditec aconteceu o lan\u00e7amento do primeiro livro de pesquisa, p\u00f3s-gradua\u00e7\u00e3o e inova\u00e7\u00e3o da Rede Federal. A obra, que conta com informa\u00e7\u00f5es de diversas institui\u00e7\u00f5es do nosso pa\u00eds, tamb\u00e9m contempla as atividades desenvolvidas pelo Ifac nos \u00faltimos anos. E mais [&hellip;]<\/p>\n","protected":false},"author":27,"featured_media":0,"comment_status":"open","ping_status":"open","sticky":false,"template":"","format":"standard","meta":{"footnotes":""},"categories":[1],"tags":[],"class_list":["post-3971","post","type-post","status-publish","format-standard","hentry","category-sem-categoria"],"_links":{"self":[{"href":"https:\/\/web.ifac.edu.br\/reitora\/wp-json\/wp\/v2\/posts\/3971","targetHints":{"allow":["GET"]}}],"collection":[{"href":"https:\/\/web.ifac.edu.br\/reitora\/wp-json\/wp\/v2\/posts"}],"about":[{"href":"https:\/\/web.ifac.edu.br\/reitora\/wp-json\/wp\/v2\/types\/post"}],"author":[{"embeddable":true,"href":"https:\/\/web.ifac.edu.br\/reitora\/wp-json\/wp\/v2\/users\/27"}],"replies":[{"embeddable":true,"href":"https:\/\/web.ifac.edu.br\/reitora\/wp-json\/wp\/v2\/comments?post=3971"}],"version-history":[{"count":0,"href":"https:\/\/web.ifac.edu.br\/reitora\/wp-json\/wp\/v2\/posts\/3971\/revisions"}],"wp:attachment":[{"href":"https:\/\/web.ifac.edu.br\/reitora\/wp-json\/wp\/v2\/media?parent=3971"}],"wp:term":[{"taxonomy":"category","embeddable":true,"href":"https:\/\/web.ifac.edu.br\/reitora\/wp-json\/wp\/v2\/categories?post=3971"},{"taxonomy":"post_tag","embeddable":true,"href":"https:\/\/web.ifac.edu.br\/reitora\/wp-json\/wp\/v2\/tags?post=3971"}],"curies":[{"name":"wp","href":"https:\/\/api.w.org\/{rel}","templated":true}]}}