{"id":3967,"date":"2017-11-08T22:51:32","date_gmt":"2017-11-09T00:51:32","guid":{"rendered":"http:\/\/web.ifac.edu.br\/reitora\/?p=3967"},"modified":"2017-11-08T22:51:32","modified_gmt":"2017-11-09T00:51:32","slug":"campeoes-da-mostra-brasileira-de-foguetes","status":"publish","type":"post","link":"https:\/\/web.ifac.edu.br\/reitora\/2017\/11\/08\/campeoes-da-mostra-brasileira-de-foguetes\/","title":{"rendered":"Campe\u00f5es da Mostra Brasileira de Foguetes"},"content":{"rendered":"<p><img fetchpriority=\"high\" decoding=\"async\" class=\"alignnone wp-image-3968 size-large\" src=\"http:\/\/web.ifac.edu.br\/reitora\/wp-content\/uploads\/sites\/30\/2017\/11\/DSC_0124-1024x683.jpg\" alt=\"\" width=\"625\" height=\"417\" srcset=\"https:\/\/web.ifac.edu.br\/reitora\/wp-content\/uploads\/sites\/30\/2017\/11\/DSC_0124-1024x683.jpg 1024w, https:\/\/web.ifac.edu.br\/reitora\/wp-content\/uploads\/sites\/30\/2017\/11\/DSC_0124-300x200.jpg 300w, https:\/\/web.ifac.edu.br\/reitora\/wp-content\/uploads\/sites\/30\/2017\/11\/DSC_0124-768x512.jpg 768w, https:\/\/web.ifac.edu.br\/reitora\/wp-content\/uploads\/sites\/30\/2017\/11\/DSC_0124-624x416.jpg 624w\" sizes=\"(max-width: 625px) 100vw, 625px\" \/><\/p>\n<p>Encerrei a agenda desta quarta-feira (08.11) com uma visita pra l\u00e1 de especial. Junto com o professor do campus Rio Branco, Cleyton Assis, conheci os alunos do curso t\u00e9cnico Integrado em Edifica\u00e7\u00f5es, Luana Dalla Vecchia de Lima, Miriam Therese de Andrade e Silva, e Normando Dutra dos Santos Filho, que foram os campe\u00f5es na edi\u00e7\u00e3o de 2017 da Mostra Brasileira de Foguetes.<\/p>\n<p>O trof\u00e9u que os nossos estudantes trouxeram para o Acre \u00e9 muito mais do que uma premia\u00e7\u00e3o. \u00c9 resultado da confian\u00e7a que depositamos em nossos professores e tamb\u00e9m em nossos jovens. Acreditar que podemos mais, que podemos alcan\u00e7ar o topo, nos estimula a trabalhar diariamente por uma educa\u00e7\u00e3o de qualidade em nosso Estado.<\/p>\n<p>Que esta premia\u00e7\u00e3o reforce o compromisso de nossos alunos com o conhecimento e incentive outros jovens a se envolverem nas atividades de ensino, pesquisa e extens\u00e3o.<\/p>\n<p>Parab\u00e9ns, pessoal!<\/p>\n","protected":false},"excerpt":{"rendered":"<p>Encerrei a agenda desta quarta-feira (08.11) com uma visita pra l\u00e1 de especial. Junto com o professor do campus Rio Branco, Cleyton Assis, conheci os alunos do curso t\u00e9cnico Integrado em Edifica\u00e7\u00f5es, Luana Dalla Vecchia de Lima, Miriam Therese de Andrade e Silva, e Normando Dutra dos Santos Filho, que foram os campe\u00f5es na edi\u00e7\u00e3o [&hellip;]<\/p>\n","protected":false},"author":27,"featured_media":0,"comment_status":"open","ping_status":"open","sticky":false,"template":"","format":"standard","meta":{"footnotes":""},"categories":[1],"tags":[],"class_list":["post-3967","post","type-post","status-publish","format-standard","hentry","category-sem-categoria"],"_links":{"self":[{"href":"https:\/\/web.ifac.edu.br\/reitora\/wp-json\/wp\/v2\/posts\/3967","targetHints":{"allow":["GET"]}}],"collection":[{"href":"https:\/\/web.ifac.edu.br\/reitora\/wp-json\/wp\/v2\/posts"}],"about":[{"href":"https:\/\/web.ifac.edu.br\/reitora\/wp-json\/wp\/v2\/types\/post"}],"author":[{"embeddable":true,"href":"https:\/\/web.ifac.edu.br\/reitora\/wp-json\/wp\/v2\/users\/27"}],"replies":[{"embeddable":true,"href":"https:\/\/web.ifac.edu.br\/reitora\/wp-json\/wp\/v2\/comments?post=3967"}],"version-history":[{"count":0,"href":"https:\/\/web.ifac.edu.br\/reitora\/wp-json\/wp\/v2\/posts\/3967\/revisions"}],"wp:attachment":[{"href":"https:\/\/web.ifac.edu.br\/reitora\/wp-json\/wp\/v2\/media?parent=3967"}],"wp:term":[{"taxonomy":"category","embeddable":true,"href":"https:\/\/web.ifac.edu.br\/reitora\/wp-json\/wp\/v2\/categories?post=3967"},{"taxonomy":"post_tag","embeddable":true,"href":"https:\/\/web.ifac.edu.br\/reitora\/wp-json\/wp\/v2\/tags?post=3967"}],"curies":[{"name":"wp","href":"https:\/\/api.w.org\/{rel}","templated":true}]}}