{"id":3964,"date":"2017-11-08T22:29:45","date_gmt":"2017-11-09T00:29:45","guid":{"rendered":"http:\/\/web.ifac.edu.br\/reitora\/?p=3964"},"modified":"2017-11-08T22:29:45","modified_gmt":"2017-11-09T00:29:45","slug":"iv-techweek-do-ifac","status":"publish","type":"post","link":"https:\/\/web.ifac.edu.br\/reitora\/2017\/11\/08\/iv-techweek-do-ifac\/","title":{"rendered":"IV Techweek do Ifac"},"content":{"rendered":"<p><img fetchpriority=\"high\" decoding=\"async\" class=\"alignnone wp-image-3965 size-large\" src=\"http:\/\/web.ifac.edu.br\/reitora\/wp-content\/uploads\/sites\/30\/2017\/11\/DSC_0081-1024x683.jpg\" alt=\"\" width=\"625\" height=\"417\" srcset=\"https:\/\/web.ifac.edu.br\/reitora\/wp-content\/uploads\/sites\/30\/2017\/11\/DSC_0081-1024x683.jpg 1024w, https:\/\/web.ifac.edu.br\/reitora\/wp-content\/uploads\/sites\/30\/2017\/11\/DSC_0081-300x200.jpg 300w, https:\/\/web.ifac.edu.br\/reitora\/wp-content\/uploads\/sites\/30\/2017\/11\/DSC_0081-768x512.jpg 768w, https:\/\/web.ifac.edu.br\/reitora\/wp-content\/uploads\/sites\/30\/2017\/11\/DSC_0081-624x416.jpg 624w\" sizes=\"(max-width: 625px) 100vw, 625px\" \/><\/p>\n<p>Recebi na tarde desta quarta-feira (08.11) o coordenador da IV Semana de Tecnologia do Ifac &#8211; Techweek, Diego Canizio, e os demais organizadores do evento. Junto com o pr\u00f3-reitor de Extens\u00e3o e o diretor do campus Rio Branco,\u00a0Wemerson Fittipaldy, eles j\u00e1 me apresentaram alguns dos resultados do evento, como \u00e9 o caso do n\u00famero de inscri\u00e7\u00f5es para o Torneio de Programa\u00e7\u00e3o, que ir\u00e1 acontecer no s\u00e1bado (11.11), e as vagas dos minicursos j\u00e1 praticamente preenchidas.<\/p>\n<p>Fico muito feliz em saber que nossas a\u00e7\u00f5es de Extens\u00e3o t\u00eam contribu\u00eddo para amplia\u00e7\u00e3o do conhecimento junto ao nossos alunos e servidores, como tamb\u00e9m para a comunidade externa. A Techweek, que j\u00e1 \u00e9 evento consolidado no Ifac, refor\u00e7a o nosso compromisso em garantir atividades que contemplem tecnologia, ci\u00eancia e inova\u00e7\u00e3o.<\/p>\n<p>Todos est\u00e3o convidados e para saber mais da programa\u00e7\u00e3o \u00e9 s\u00f3 acessar\u00a0<strong><a href=\"http:\/\/techweek.ifac.edu.br\">http:\/\/techweek.ifac.edu.br<\/a><\/strong>.<\/p>\n","protected":false},"excerpt":{"rendered":"<p>Recebi na tarde desta quarta-feira (08.11) o coordenador da IV Semana de Tecnologia do Ifac &#8211; Techweek, Diego Canizio, e os demais organizadores do evento. Junto com o pr\u00f3-reitor de Extens\u00e3o e o diretor do campus Rio Branco,\u00a0Wemerson Fittipaldy, eles j\u00e1 me apresentaram alguns dos resultados do evento, como \u00e9 o caso do n\u00famero de [&hellip;]<\/p>\n","protected":false},"author":27,"featured_media":0,"comment_status":"open","ping_status":"open","sticky":false,"template":"","format":"standard","meta":{"footnotes":""},"categories":[1],"tags":[],"class_list":["post-3964","post","type-post","status-publish","format-standard","hentry","category-sem-categoria"],"_links":{"self":[{"href":"https:\/\/web.ifac.edu.br\/reitora\/wp-json\/wp\/v2\/posts\/3964","targetHints":{"allow":["GET"]}}],"collection":[{"href":"https:\/\/web.ifac.edu.br\/reitora\/wp-json\/wp\/v2\/posts"}],"about":[{"href":"https:\/\/web.ifac.edu.br\/reitora\/wp-json\/wp\/v2\/types\/post"}],"author":[{"embeddable":true,"href":"https:\/\/web.ifac.edu.br\/reitora\/wp-json\/wp\/v2\/users\/27"}],"replies":[{"embeddable":true,"href":"https:\/\/web.ifac.edu.br\/reitora\/wp-json\/wp\/v2\/comments?post=3964"}],"version-history":[{"count":0,"href":"https:\/\/web.ifac.edu.br\/reitora\/wp-json\/wp\/v2\/posts\/3964\/revisions"}],"wp:attachment":[{"href":"https:\/\/web.ifac.edu.br\/reitora\/wp-json\/wp\/v2\/media?parent=3964"}],"wp:term":[{"taxonomy":"category","embeddable":true,"href":"https:\/\/web.ifac.edu.br\/reitora\/wp-json\/wp\/v2\/categories?post=3964"},{"taxonomy":"post_tag","embeddable":true,"href":"https:\/\/web.ifac.edu.br\/reitora\/wp-json\/wp\/v2\/tags?post=3964"}],"curies":[{"name":"wp","href":"https:\/\/api.w.org\/{rel}","templated":true}]}}