{"id":3960,"date":"2017-11-08T22:15:03","date_gmt":"2017-11-09T00:15:03","guid":{"rendered":"http:\/\/web.ifac.edu.br\/reitora\/?p=3960"},"modified":"2017-11-08T22:16:23","modified_gmt":"2017-11-09T00:16:23","slug":"primeira-reuniao-de-avaliacao-da-estrategia","status":"publish","type":"post","link":"https:\/\/web.ifac.edu.br\/reitora\/2017\/11\/08\/primeira-reuniao-de-avaliacao-da-estrategia\/","title":{"rendered":"Primeira Reuni\u00e3o de Avalia\u00e7\u00e3o da Estrat\u00e9gia"},"content":{"rendered":"<p><img fetchpriority=\"high\" decoding=\"async\" class=\"alignnone wp-image-3961 size-large\" src=\"http:\/\/web.ifac.edu.br\/reitora\/wp-content\/uploads\/sites\/30\/2017\/11\/DSC_0089-1024x683.jpg\" alt=\"\" width=\"625\" height=\"417\" srcset=\"https:\/\/web.ifac.edu.br\/reitora\/wp-content\/uploads\/sites\/30\/2017\/11\/DSC_0089-1024x683.jpg 1024w, https:\/\/web.ifac.edu.br\/reitora\/wp-content\/uploads\/sites\/30\/2017\/11\/DSC_0089-300x200.jpg 300w, https:\/\/web.ifac.edu.br\/reitora\/wp-content\/uploads\/sites\/30\/2017\/11\/DSC_0089-768x512.jpg 768w, https:\/\/web.ifac.edu.br\/reitora\/wp-content\/uploads\/sites\/30\/2017\/11\/DSC_0089-624x416.jpg 624w\" sizes=\"(max-width: 625px) 100vw, 625px\" \/><\/p>\n<p>Estamos chegando na fase final do Planejamento Estrat\u00e9gico do Instituto Federal do Acre (Ifac). Hoje tivemos a nossa primeira Reuni\u00e3o de An\u00e1lise da Estrat\u00e9gia (RAE) e foi gratificante ver at\u00e9 onde chegamos. O trabalho, que teve in\u00edcio em agosto de 2016 e contou com a participa\u00e7\u00e3o de servidores e gestores, ir\u00e1 nos auxiliar a caminhar para um futuro de qualidade e com foco em resultados.<\/p>\n<p>Quero aqui agradecer a todos que estiveram envolvidos em cada etapa de constru\u00e7\u00e3o do Planejamento Estrat\u00e9gico e refor\u00e7ar a import\u00e2ncia do engajamento e uni\u00e3o de todos os servidores do Ifac para que possamos alcan\u00e7ar bons frutos.<\/p>\n<p>Que os indicadores definidos durante reuni\u00f5es e f\u00f3runs possam ser norteadores de melhorias e instrumentos para que a institui\u00e7\u00e3o continue caminhando para a prosperidade. Parab\u00e9ns para n\u00f3s e \u00e0 empresa Steinbeis Sibe do Brasil que nos acompanhou em todo processo de constru\u00e7\u00e3o do Planejamento Estrat\u00e9gico.<\/p>\n","protected":false},"excerpt":{"rendered":"<p>Estamos chegando na fase final do Planejamento Estrat\u00e9gico do Instituto Federal do Acre (Ifac). Hoje tivemos a nossa primeira Reuni\u00e3o de An\u00e1lise da Estrat\u00e9gia (RAE) e foi gratificante ver at\u00e9 onde chegamos. O trabalho, que teve in\u00edcio em agosto de 2016 e contou com a participa\u00e7\u00e3o de servidores e gestores, ir\u00e1 nos auxiliar a caminhar [&hellip;]<\/p>\n","protected":false},"author":27,"featured_media":0,"comment_status":"open","ping_status":"open","sticky":false,"template":"","format":"standard","meta":{"footnotes":""},"categories":[1],"tags":[],"class_list":["post-3960","post","type-post","status-publish","format-standard","hentry","category-sem-categoria"],"_links":{"self":[{"href":"https:\/\/web.ifac.edu.br\/reitora\/wp-json\/wp\/v2\/posts\/3960","targetHints":{"allow":["GET"]}}],"collection":[{"href":"https:\/\/web.ifac.edu.br\/reitora\/wp-json\/wp\/v2\/posts"}],"about":[{"href":"https:\/\/web.ifac.edu.br\/reitora\/wp-json\/wp\/v2\/types\/post"}],"author":[{"embeddable":true,"href":"https:\/\/web.ifac.edu.br\/reitora\/wp-json\/wp\/v2\/users\/27"}],"replies":[{"embeddable":true,"href":"https:\/\/web.ifac.edu.br\/reitora\/wp-json\/wp\/v2\/comments?post=3960"}],"version-history":[{"count":0,"href":"https:\/\/web.ifac.edu.br\/reitora\/wp-json\/wp\/v2\/posts\/3960\/revisions"}],"wp:attachment":[{"href":"https:\/\/web.ifac.edu.br\/reitora\/wp-json\/wp\/v2\/media?parent=3960"}],"wp:term":[{"taxonomy":"category","embeddable":true,"href":"https:\/\/web.ifac.edu.br\/reitora\/wp-json\/wp\/v2\/categories?post=3960"},{"taxonomy":"post_tag","embeddable":true,"href":"https:\/\/web.ifac.edu.br\/reitora\/wp-json\/wp\/v2\/tags?post=3960"}],"curies":[{"name":"wp","href":"https:\/\/api.w.org\/{rel}","templated":true}]}}