{"id":3948,"date":"2017-11-02T01:19:49","date_gmt":"2017-11-02T03:19:49","guid":{"rendered":"http:\/\/web.ifac.edu.br\/reitora\/?p=3948"},"modified":"2017-11-02T01:31:54","modified_gmt":"2017-11-02T03:31:54","slug":"visita-a-sedens","status":"publish","type":"post","link":"https:\/\/web.ifac.edu.br\/reitora\/2017\/11\/02\/visita-a-sedens\/","title":{"rendered":"Visita a Sedens"},"content":{"rendered":"<p class=\"MsoNormal\" style=\"text-align: justify\"><img fetchpriority=\"high\" decoding=\"async\" class=\"alignnone size-large wp-image-3950\" src=\"http:\/\/web.ifac.edu.br\/reitora\/wp-content\/uploads\/sites\/30\/2017\/11\/sedens_ifac.jpg\" alt=\"\" width=\"625\" height=\"417\" srcset=\"https:\/\/web.ifac.edu.br\/reitora\/wp-content\/uploads\/sites\/30\/2017\/11\/sedens_ifac.jpg 882w, https:\/\/web.ifac.edu.br\/reitora\/wp-content\/uploads\/sites\/30\/2017\/11\/sedens_ifac-300x200.jpg 300w, https:\/\/web.ifac.edu.br\/reitora\/wp-content\/uploads\/sites\/30\/2017\/11\/sedens_ifac-768x512.jpg 768w, https:\/\/web.ifac.edu.br\/reitora\/wp-content\/uploads\/sites\/30\/2017\/11\/sedens_ifac-624x416.jpg 624w\" sizes=\"(max-width: 625px) 100vw, 625px\" \/><\/p>\n<p>Estive hoje, juntamente com a equipe gestora da reitoria e os diretores gerais dos <em>campi<\/em>\u00a0Avan\u00e7ado Baixada do Sol e Rio Branco, no gabinete do secret\u00e1rio de Estado de Desenvolvimento da Ind\u00fastria, do Com\u00e9rcio e dos Servi\u00e7os Sustent\u00e1veis (Sedens), Sib\u00e1 Machado, que juntamente com a Central de Cooperativas dos Piscicultores do Acre &#8211; Acrepeixe, nos apresentou o Edital, que contratar\u00e1 07 Assistentes t\u00e9cnicos com experi\u00eancia em piscicultura. Esse edital \u00e9 uma \u00f3tima oportunidade para os nossos alunos do curso T\u00e9cnico em Aquicultura.<\/p>\n<p><a href=\"http:\/\/www.acrepeixe.com.br\/site\/index.php\/noticias-em-destaque\/10-lancamento-do-edital-n-03-2017\" target=\"_blank\" rel=\"noopener noreferrer\"><strong>ACESSE AQUI O EDITAL COMPLETO<\/strong><\/a><\/p>\n<p class=\"MsoNormal\" style=\"text-align: justify\">Aproveitei a ocasi\u00e3o para agradecer ao Deputado Siba Machado, o apoio que tem dado as atividades do Ifac destinando emendas parlamentares.<\/p>\n<p><img decoding=\"async\" class=\"alignnone size-large wp-image-3951\" src=\"http:\/\/web.ifac.edu.br\/reitora\/wp-content\/uploads\/sites\/30\/2017\/11\/sedens_ifac_02.jpg\" alt=\"\" width=\"625\" height=\"417\" srcset=\"https:\/\/web.ifac.edu.br\/reitora\/wp-content\/uploads\/sites\/30\/2017\/11\/sedens_ifac_02.jpg 882w, https:\/\/web.ifac.edu.br\/reitora\/wp-content\/uploads\/sites\/30\/2017\/11\/sedens_ifac_02-300x200.jpg 300w, https:\/\/web.ifac.edu.br\/reitora\/wp-content\/uploads\/sites\/30\/2017\/11\/sedens_ifac_02-768x512.jpg 768w, https:\/\/web.ifac.edu.br\/reitora\/wp-content\/uploads\/sites\/30\/2017\/11\/sedens_ifac_02-624x416.jpg 624w\" sizes=\"(max-width: 625px) 100vw, 625px\" \/><\/p>\n","protected":false},"excerpt":{"rendered":"<p>Estive hoje, juntamente com a equipe gestora da reitoria e os diretores gerais dos campi\u00a0Avan\u00e7ado Baixada do Sol e Rio Branco, no gabinete do secret\u00e1rio de Estado de Desenvolvimento da Ind\u00fastria, do Com\u00e9rcio e dos Servi\u00e7os Sustent\u00e1veis (Sedens), Sib\u00e1 Machado, que juntamente com a Central de Cooperativas dos Piscicultores do Acre &#8211; Acrepeixe, nos apresentou [&hellip;]<\/p>\n","protected":false},"author":15,"featured_media":0,"comment_status":"open","ping_status":"open","sticky":false,"template":"","format":"standard","meta":{"footnotes":""},"categories":[2],"tags":[],"class_list":["post-3948","post","type-post","status-publish","format-standard","hentry","category-noticias"],"_links":{"self":[{"href":"https:\/\/web.ifac.edu.br\/reitora\/wp-json\/wp\/v2\/posts\/3948","targetHints":{"allow":["GET"]}}],"collection":[{"href":"https:\/\/web.ifac.edu.br\/reitora\/wp-json\/wp\/v2\/posts"}],"about":[{"href":"https:\/\/web.ifac.edu.br\/reitora\/wp-json\/wp\/v2\/types\/post"}],"author":[{"embeddable":true,"href":"https:\/\/web.ifac.edu.br\/reitora\/wp-json\/wp\/v2\/users\/15"}],"replies":[{"embeddable":true,"href":"https:\/\/web.ifac.edu.br\/reitora\/wp-json\/wp\/v2\/comments?post=3948"}],"version-history":[{"count":0,"href":"https:\/\/web.ifac.edu.br\/reitora\/wp-json\/wp\/v2\/posts\/3948\/revisions"}],"wp:attachment":[{"href":"https:\/\/web.ifac.edu.br\/reitora\/wp-json\/wp\/v2\/media?parent=3948"}],"wp:term":[{"taxonomy":"category","embeddable":true,"href":"https:\/\/web.ifac.edu.br\/reitora\/wp-json\/wp\/v2\/categories?post=3948"},{"taxonomy":"post_tag","embeddable":true,"href":"https:\/\/web.ifac.edu.br\/reitora\/wp-json\/wp\/v2\/tags?post=3948"}],"curies":[{"name":"wp","href":"https:\/\/api.w.org\/{rel}","templated":true}]}}