{"id":3937,"date":"2017-10-28T16:03:35","date_gmt":"2017-10-28T18:03:35","guid":{"rendered":"http:\/\/web.ifac.edu.br\/reitora\/?p=3937"},"modified":"2017-10-28T16:04:35","modified_gmt":"2017-10-28T18:04:35","slug":"parabens-a-todos-os-servidores-publicos-do-ifac","status":"publish","type":"post","link":"https:\/\/web.ifac.edu.br\/reitora\/2017\/10\/28\/parabens-a-todos-os-servidores-publicos-do-ifac\/","title":{"rendered":"Parab\u00e9ns a todos os servidores p\u00fablicos do Ifac!"},"content":{"rendered":"<p style=\"text-align: left\"><img fetchpriority=\"high\" decoding=\"async\" class=\"alignnone size-full wp-image-3938\" src=\"http:\/\/web.ifac.edu.br\/reitora\/wp-content\/uploads\/sites\/30\/2017\/10\/Parab\u00e9ns-a-todos-os-servidores-p\u00fablicos-do-Ifac.jpg\" alt=\"\" width=\"960\" height=\"960\" srcset=\"https:\/\/web.ifac.edu.br\/reitora\/wp-content\/uploads\/sites\/30\/2017\/10\/Parab\u00e9ns-a-todos-os-servidores-p\u00fablicos-do-Ifac.jpg 960w, https:\/\/web.ifac.edu.br\/reitora\/wp-content\/uploads\/sites\/30\/2017\/10\/Parab\u00e9ns-a-todos-os-servidores-p\u00fablicos-do-Ifac-150x150.jpg 150w, https:\/\/web.ifac.edu.br\/reitora\/wp-content\/uploads\/sites\/30\/2017\/10\/Parab\u00e9ns-a-todos-os-servidores-p\u00fablicos-do-Ifac-300x300.jpg 300w, https:\/\/web.ifac.edu.br\/reitora\/wp-content\/uploads\/sites\/30\/2017\/10\/Parab\u00e9ns-a-todos-os-servidores-p\u00fablicos-do-Ifac-768x768.jpg 768w, https:\/\/web.ifac.edu.br\/reitora\/wp-content\/uploads\/sites\/30\/2017\/10\/Parab\u00e9ns-a-todos-os-servidores-p\u00fablicos-do-Ifac-624x624.jpg 624w\" sizes=\"(max-width: 960px) 100vw, 960px\" \/><\/p>\n<p>Na sexta (27.10), com o aux\u00edlio de todos os gestores do Ifac e o Sinasefe\/Campus Rio Branco, fizemos a nossa comemora\u00e7\u00e3o do Dia do Servidor P\u00fablico com os servidores dos Campi de Rio Branco, Baixada do Sol e Reitoria. Parab\u00e9ns a comiss\u00e3o organizadora pela linda festa!<\/p>\n<p style=\"text-align: left\">Infelizmente n\u00e3o estive nas comemora\u00e7\u00f5es em men\u00e7\u00e3o ao dia 28 de outubro nos campi de Tarauac\u00e1, Xapuri, Cruzeiro do Sul e Sena Madureira, mas deixo meu forte e fraterno abra\u00e7o, a todos aqueles que fazem a difer<span class=\"text_exposed_show\">en\u00e7a no Ifac.<\/span><\/p>\n<div class=\"text_exposed_show\">\n<p style=\"text-align: left\">Parab\u00e9ns a todos n\u00f3s servidores p\u00fablicos!<\/p>\n<p><img decoding=\"async\" class=\"alignnone size-large wp-image-3939\" src=\"http:\/\/web.ifac.edu.br\/reitora\/wp-content\/uploads\/sites\/30\/2017\/10\/WhatsApp-Image-2017-10-27-at-13.34.04-1024x768.jpeg\" alt=\"\" width=\"625\" height=\"469\" srcset=\"https:\/\/web.ifac.edu.br\/reitora\/wp-content\/uploads\/sites\/30\/2017\/10\/WhatsApp-Image-2017-10-27-at-13.34.04-1024x768.jpeg 1024w, https:\/\/web.ifac.edu.br\/reitora\/wp-content\/uploads\/sites\/30\/2017\/10\/WhatsApp-Image-2017-10-27-at-13.34.04-300x225.jpeg 300w, https:\/\/web.ifac.edu.br\/reitora\/wp-content\/uploads\/sites\/30\/2017\/10\/WhatsApp-Image-2017-10-27-at-13.34.04-768x576.jpeg 768w, https:\/\/web.ifac.edu.br\/reitora\/wp-content\/uploads\/sites\/30\/2017\/10\/WhatsApp-Image-2017-10-27-at-13.34.04-624x468.jpeg 624w, https:\/\/web.ifac.edu.br\/reitora\/wp-content\/uploads\/sites\/30\/2017\/10\/WhatsApp-Image-2017-10-27-at-13.34.04.jpeg 1280w\" sizes=\"(max-width: 625px) 100vw, 625px\" \/> \u00a0<img decoding=\"async\" class=\"alignnone size-large wp-image-3941\" src=\"http:\/\/web.ifac.edu.br\/reitora\/wp-content\/uploads\/sites\/30\/2017\/10\/WhatsApp-Image-2017-10-27-at-13.50.53-1024x768.jpeg\" alt=\"\" width=\"625\" height=\"469\" srcset=\"https:\/\/web.ifac.edu.br\/reitora\/wp-content\/uploads\/sites\/30\/2017\/10\/WhatsApp-Image-2017-10-27-at-13.50.53-1024x768.jpeg 1024w, https:\/\/web.ifac.edu.br\/reitora\/wp-content\/uploads\/sites\/30\/2017\/10\/WhatsApp-Image-2017-10-27-at-13.50.53-300x225.jpeg 300w, https:\/\/web.ifac.edu.br\/reitora\/wp-content\/uploads\/sites\/30\/2017\/10\/WhatsApp-Image-2017-10-27-at-13.50.53-768x576.jpeg 768w, https:\/\/web.ifac.edu.br\/reitora\/wp-content\/uploads\/sites\/30\/2017\/10\/WhatsApp-Image-2017-10-27-at-13.50.53-624x468.jpeg 624w, https:\/\/web.ifac.edu.br\/reitora\/wp-content\/uploads\/sites\/30\/2017\/10\/WhatsApp-Image-2017-10-27-at-13.50.53.jpeg 1280w\" sizes=\"(max-width: 625px) 100vw, 625px\" \/><\/p>\n<p style=\"text-align: left\"><img loading=\"lazy\" decoding=\"async\" class=\"alignnone size-large wp-image-3940\" src=\"http:\/\/web.ifac.edu.br\/reitora\/wp-content\/uploads\/sites\/30\/2017\/10\/WhatsApp-Image-2017-10-27-at-13.50.19-1-1024x768.jpeg\" alt=\"\" width=\"625\" height=\"469\" srcset=\"https:\/\/web.ifac.edu.br\/reitora\/wp-content\/uploads\/sites\/30\/2017\/10\/WhatsApp-Image-2017-10-27-at-13.50.19-1-1024x768.jpeg 1024w, https:\/\/web.ifac.edu.br\/reitora\/wp-content\/uploads\/sites\/30\/2017\/10\/WhatsApp-Image-2017-10-27-at-13.50.19-1-300x225.jpeg 300w, https:\/\/web.ifac.edu.br\/reitora\/wp-content\/uploads\/sites\/30\/2017\/10\/WhatsApp-Image-2017-10-27-at-13.50.19-1-768x576.jpeg 768w, https:\/\/web.ifac.edu.br\/reitora\/wp-content\/uploads\/sites\/30\/2017\/10\/WhatsApp-Image-2017-10-27-at-13.50.19-1-624x468.jpeg 624w, https:\/\/web.ifac.edu.br\/reitora\/wp-content\/uploads\/sites\/30\/2017\/10\/WhatsApp-Image-2017-10-27-at-13.50.19-1.jpeg 1280w\" sizes=\"(max-width: 625px) 100vw, 625px\" \/><\/p>\n<p><img loading=\"lazy\" decoding=\"async\" class=\"alignnone size-large wp-image-3942\" src=\"http:\/\/web.ifac.edu.br\/reitora\/wp-content\/uploads\/sites\/30\/2017\/10\/WhatsApp-Image-2017-10-28-at-11.25.01-1024x361.jpeg\" alt=\"\" width=\"625\" height=\"220\" srcset=\"https:\/\/web.ifac.edu.br\/reitora\/wp-content\/uploads\/sites\/30\/2017\/10\/WhatsApp-Image-2017-10-28-at-11.25.01-1024x361.jpeg 1024w, https:\/\/web.ifac.edu.br\/reitora\/wp-content\/uploads\/sites\/30\/2017\/10\/WhatsApp-Image-2017-10-28-at-11.25.01-300x106.jpeg 300w, https:\/\/web.ifac.edu.br\/reitora\/wp-content\/uploads\/sites\/30\/2017\/10\/WhatsApp-Image-2017-10-28-at-11.25.01-768x271.jpeg 768w, https:\/\/web.ifac.edu.br\/reitora\/wp-content\/uploads\/sites\/30\/2017\/10\/WhatsApp-Image-2017-10-28-at-11.25.01-624x220.jpeg 624w, https:\/\/web.ifac.edu.br\/reitora\/wp-content\/uploads\/sites\/30\/2017\/10\/WhatsApp-Image-2017-10-28-at-11.25.01.jpeg 1280w\" sizes=\"(max-width: 625px) 100vw, 625px\" \/><\/p>\n<\/div>\n","protected":false},"excerpt":{"rendered":"<p>Na sexta (27.10), com o aux\u00edlio de todos os gestores do Ifac e o Sinasefe\/Campus Rio Branco, fizemos a nossa comemora\u00e7\u00e3o do Dia do Servidor P\u00fablico com os servidores dos Campi de Rio Branco, Baixada do Sol e Reitoria. Parab\u00e9ns a comiss\u00e3o organizadora pela linda festa! Infelizmente n\u00e3o estive nas comemora\u00e7\u00f5es em men\u00e7\u00e3o ao dia [&hellip;]<\/p>\n","protected":false},"author":15,"featured_media":0,"comment_status":"open","ping_status":"open","sticky":false,"template":"","format":"standard","meta":{"footnotes":""},"categories":[2],"tags":[],"class_list":["post-3937","post","type-post","status-publish","format-standard","hentry","category-noticias"],"_links":{"self":[{"href":"https:\/\/web.ifac.edu.br\/reitora\/wp-json\/wp\/v2\/posts\/3937","targetHints":{"allow":["GET"]}}],"collection":[{"href":"https:\/\/web.ifac.edu.br\/reitora\/wp-json\/wp\/v2\/posts"}],"about":[{"href":"https:\/\/web.ifac.edu.br\/reitora\/wp-json\/wp\/v2\/types\/post"}],"author":[{"embeddable":true,"href":"https:\/\/web.ifac.edu.br\/reitora\/wp-json\/wp\/v2\/users\/15"}],"replies":[{"embeddable":true,"href":"https:\/\/web.ifac.edu.br\/reitora\/wp-json\/wp\/v2\/comments?post=3937"}],"version-history":[{"count":0,"href":"https:\/\/web.ifac.edu.br\/reitora\/wp-json\/wp\/v2\/posts\/3937\/revisions"}],"wp:attachment":[{"href":"https:\/\/web.ifac.edu.br\/reitora\/wp-json\/wp\/v2\/media?parent=3937"}],"wp:term":[{"taxonomy":"category","embeddable":true,"href":"https:\/\/web.ifac.edu.br\/reitora\/wp-json\/wp\/v2\/categories?post=3937"},{"taxonomy":"post_tag","embeddable":true,"href":"https:\/\/web.ifac.edu.br\/reitora\/wp-json\/wp\/v2\/tags?post=3937"}],"curies":[{"name":"wp","href":"https:\/\/api.w.org\/{rel}","templated":true}]}}