{"id":3926,"date":"2017-10-24T16:15:10","date_gmt":"2017-10-24T18:15:10","guid":{"rendered":"http:\/\/web.ifac.edu.br\/reitora\/?p=3926"},"modified":"2017-10-24T19:33:43","modified_gmt":"2017-10-24T21:33:43","slug":"viver-ciencia-e-parceria-com-a-prefeitura-de-cruzeiro-do-sul","status":"publish","type":"post","link":"https:\/\/web.ifac.edu.br\/reitora\/2017\/10\/24\/viver-ciencia-e-parceria-com-a-prefeitura-de-cruzeiro-do-sul\/","title":{"rendered":"Viver Ci\u00eancia 2017 e parceria com a prefeitura de Cruzeiro do Sul"},"content":{"rendered":"<p><img fetchpriority=\"high\" decoding=\"async\" class=\"alignnone wp-image-3928 size-large\" src=\"http:\/\/web.ifac.edu.br\/reitora\/wp-content\/uploads\/sites\/30\/2017\/10\/WhatsApp-Image-2017-10-24-at-14.29.05-1024x768.jpeg\" alt=\"\" width=\"625\" height=\"469\" srcset=\"https:\/\/web.ifac.edu.br\/reitora\/wp-content\/uploads\/sites\/30\/2017\/10\/WhatsApp-Image-2017-10-24-at-14.29.05-1024x768.jpeg 1024w, https:\/\/web.ifac.edu.br\/reitora\/wp-content\/uploads\/sites\/30\/2017\/10\/WhatsApp-Image-2017-10-24-at-14.29.05-300x225.jpeg 300w, https:\/\/web.ifac.edu.br\/reitora\/wp-content\/uploads\/sites\/30\/2017\/10\/WhatsApp-Image-2017-10-24-at-14.29.05-768x576.jpeg 768w, https:\/\/web.ifac.edu.br\/reitora\/wp-content\/uploads\/sites\/30\/2017\/10\/WhatsApp-Image-2017-10-24-at-14.29.05-624x468.jpeg 624w, https:\/\/web.ifac.edu.br\/reitora\/wp-content\/uploads\/sites\/30\/2017\/10\/WhatsApp-Image-2017-10-24-at-14.29.05.jpeg 1280w\" sizes=\"(max-width: 625px) 100vw, 625px\" \/><\/p>\n<p>A semana come\u00e7ou com muita atividade. At\u00e9 o dia 25 de outubro, o campus do Ifac em Cruzeiro do Sul recebe a segunda edi\u00e7\u00e3o do Viver Ci\u00eancia. Com programa\u00e7\u00e3o diversa, com foco nas \u00e1reas de ci\u00eancia e tecnologia, o evento tem o grande objetivo de levar conhecimento para toda comunidade. Organizado pela Secretaria de Estado de Educa\u00e7\u00e3o e Esporte e com parceria do Ifac, o Viver Ci\u00eancia tem contribu\u00eddo para que a popula\u00e7\u00e3o perceba que a educa\u00e7\u00e3o vai al\u00e9m da sala de aula.<\/p>\n<div style=\"width: 625px;\" class=\"wp-video\"><video class=\"wp-video-shortcode\" id=\"video-3926-1\" width=\"625\" height=\"354\" preload=\"metadata\" controls=\"controls\"><source type=\"video\/mp4\" src=\"http:\/\/web.ifac.edu.br\/reitora\/wp-content\/uploads\/sites\/30\/2017\/10\/WhatsApp-Video-2017-10-24-at-14.29.10.mp4?_=1\" \/><a href=\"http:\/\/web.ifac.edu.br\/reitora\/wp-content\/uploads\/sites\/30\/2017\/10\/WhatsApp-Video-2017-10-24-at-14.29.10.mp4\">http:\/\/web.ifac.edu.br\/reitora\/wp-content\/uploads\/sites\/30\/2017\/10\/WhatsApp-Video-2017-10-24-at-14.29.10.mp4<\/a><\/video><\/div>\n<p><img decoding=\"async\" class=\"size-medium wp-image-3927 alignleft\" src=\"http:\/\/web.ifac.edu.br\/reitora\/wp-content\/uploads\/sites\/30\/2017\/10\/WhatsApp-Image-2017-10-24-at-12.11.43-300x225.jpeg\" alt=\"\" width=\"300\" height=\"225\" srcset=\"https:\/\/web.ifac.edu.br\/reitora\/wp-content\/uploads\/sites\/30\/2017\/10\/WhatsApp-Image-2017-10-24-at-12.11.43-300x225.jpeg 300w, https:\/\/web.ifac.edu.br\/reitora\/wp-content\/uploads\/sites\/30\/2017\/10\/WhatsApp-Image-2017-10-24-at-12.11.43-768x576.jpeg 768w, https:\/\/web.ifac.edu.br\/reitora\/wp-content\/uploads\/sites\/30\/2017\/10\/WhatsApp-Image-2017-10-24-at-12.11.43.jpeg 1024w, https:\/\/web.ifac.edu.br\/reitora\/wp-content\/uploads\/sites\/30\/2017\/10\/WhatsApp-Image-2017-10-24-at-12.11.43-624x468.jpeg 624w\" sizes=\"(max-width: 300px) 100vw, 300px\" \/><\/p>\n<p>Aproveitando a ida at\u00e9 Cruzeiro do Sul, tamb\u00e9m me reuni com o prefeito do munic\u00edpio,\u00a0Ilderlei Cordeiro. Dessa vez, o nosso Instituto ir\u00e1 contribuir com a capacita\u00e7\u00e3o de estudantes de tr\u00eas comunidades rurais. Os jovens ter\u00e3o oportunidade de estudar o Ensino M\u00e9dio e fazer um curso t\u00e9cnico de qualidade. A prefeitura, conforme definido durante reuni\u00e3o com o prefeito Ilderlei Cordeiro, ser\u00e1 respons\u00e1vel por conceder o transporte di\u00e1rio aos jovens at\u00e9 o Ifac.<\/p>\n<p>&nbsp;<\/p>\n","protected":false},"excerpt":{"rendered":"<p>A semana come\u00e7ou com muita atividade. At\u00e9 o dia 25 de outubro, o campus do Ifac em Cruzeiro do Sul recebe a segunda edi\u00e7\u00e3o do Viver Ci\u00eancia. Com programa\u00e7\u00e3o diversa, com foco nas \u00e1reas de ci\u00eancia e tecnologia, o evento tem o grande objetivo de levar conhecimento para toda comunidade. Organizado pela Secretaria de Estado [&hellip;]<\/p>\n","protected":false},"author":27,"featured_media":0,"comment_status":"open","ping_status":"open","sticky":false,"template":"","format":"standard","meta":{"footnotes":""},"categories":[1],"tags":[],"class_list":["post-3926","post","type-post","status-publish","format-standard","hentry","category-sem-categoria"],"_links":{"self":[{"href":"https:\/\/web.ifac.edu.br\/reitora\/wp-json\/wp\/v2\/posts\/3926","targetHints":{"allow":["GET"]}}],"collection":[{"href":"https:\/\/web.ifac.edu.br\/reitora\/wp-json\/wp\/v2\/posts"}],"about":[{"href":"https:\/\/web.ifac.edu.br\/reitora\/wp-json\/wp\/v2\/types\/post"}],"author":[{"embeddable":true,"href":"https:\/\/web.ifac.edu.br\/reitora\/wp-json\/wp\/v2\/users\/27"}],"replies":[{"embeddable":true,"href":"https:\/\/web.ifac.edu.br\/reitora\/wp-json\/wp\/v2\/comments?post=3926"}],"version-history":[{"count":0,"href":"https:\/\/web.ifac.edu.br\/reitora\/wp-json\/wp\/v2\/posts\/3926\/revisions"}],"wp:attachment":[{"href":"https:\/\/web.ifac.edu.br\/reitora\/wp-json\/wp\/v2\/media?parent=3926"}],"wp:term":[{"taxonomy":"category","embeddable":true,"href":"https:\/\/web.ifac.edu.br\/reitora\/wp-json\/wp\/v2\/categories?post=3926"},{"taxonomy":"post_tag","embeddable":true,"href":"https:\/\/web.ifac.edu.br\/reitora\/wp-json\/wp\/v2\/tags?post=3926"}],"curies":[{"name":"wp","href":"https:\/\/api.w.org\/{rel}","templated":true}]}}