{"id":3922,"date":"2017-10-19T14:20:49","date_gmt":"2017-10-19T16:20:49","guid":{"rendered":"http:\/\/web.ifac.edu.br\/reitora\/?p=3922"},"modified":"2017-10-23T14:27:49","modified_gmt":"2017-10-23T16:27:49","slug":"parceria-com-federacao-de-tenis-de-mesa-do-acre","status":"publish","type":"post","link":"https:\/\/web.ifac.edu.br\/reitora\/2017\/10\/19\/parceria-com-federacao-de-tenis-de-mesa-do-acre\/","title":{"rendered":"Parceria com Federa\u00e7\u00e3o de T\u00eanis de Mesa do Acre"},"content":{"rendered":"<p><img fetchpriority=\"high\" decoding=\"async\" class=\"alignnone wp-image-3923 size-large\" src=\"http:\/\/web.ifac.edu.br\/reitora\/wp-content\/uploads\/sites\/30\/2017\/10\/DSC_0112-001-1024x562.jpg\" alt=\"\" width=\"625\" height=\"343\" srcset=\"https:\/\/web.ifac.edu.br\/reitora\/wp-content\/uploads\/sites\/30\/2017\/10\/DSC_0112-001-1024x562.jpg 1024w, https:\/\/web.ifac.edu.br\/reitora\/wp-content\/uploads\/sites\/30\/2017\/10\/DSC_0112-001-300x165.jpg 300w, https:\/\/web.ifac.edu.br\/reitora\/wp-content\/uploads\/sites\/30\/2017\/10\/DSC_0112-001-768x421.jpg 768w, https:\/\/web.ifac.edu.br\/reitora\/wp-content\/uploads\/sites\/30\/2017\/10\/DSC_0112-001-624x342.jpg 624w\" sizes=\"(max-width: 625px) 100vw, 625px\" \/><\/p>\n<p>Mais uma parceria para o esporte! Esta semana assinamos o termo de parceria com a Federa\u00e7\u00e3o de T\u00eanis de Mesa do Acre e vamos poder ampliar nossas a\u00e7\u00f5es nesta modalidade, al\u00e9m de dar oportunidade a nossos alunos em aprimorar os conhecimentos t\u00e9cnicos e t\u00e1ticos.<\/p>\n<p><img decoding=\"async\" class=\"size-medium wp-image-3924 alignleft\" src=\"http:\/\/web.ifac.edu.br\/reitora\/wp-content\/uploads\/sites\/30\/2017\/10\/DSC_0066-001-300x200.jpg\" alt=\"\" width=\"300\" height=\"200\" srcset=\"https:\/\/web.ifac.edu.br\/reitora\/wp-content\/uploads\/sites\/30\/2017\/10\/DSC_0066-001-300x200.jpg 300w, https:\/\/web.ifac.edu.br\/reitora\/wp-content\/uploads\/sites\/30\/2017\/10\/DSC_0066-001-768x512.jpg 768w, https:\/\/web.ifac.edu.br\/reitora\/wp-content\/uploads\/sites\/30\/2017\/10\/DSC_0066-001-1024x683.jpg 1024w, https:\/\/web.ifac.edu.br\/reitora\/wp-content\/uploads\/sites\/30\/2017\/10\/DSC_0066-001-624x416.jpg 624w\" sizes=\"(max-width: 300px) 100vw, 300px\" \/><\/p>\n<p>Com a parceria, vamos iniciar o projeto &#8220;Minha Escola tem T\u00eanis de Mesa&#8221;, no campus Rio Branco. A ideia \u00e9 tamb\u00e9m ampliar o projeto, por meio de oficinas, para os demais campi do Ifac e assim garantir que o esporte aos nossos estudantes que est\u00e3o em todas regionais do Acre.<\/p>\n<p>Quero aqui parabenizar o professor Emanoel Rog\u00e9rio, que esteve a frente deste trabalho para constru\u00e7\u00e3o do projeto &#8220;Minha Escola tem T\u00eanis de Mesa&#8221;, mas tamb\u00e9m as Pr\u00f3-Reitorias de Planejamento e Desenvolvimento Institucional (Prodin) e de Extens\u00e3o (Proex), que atuaram diretamente na forma\u00e7\u00e3o deste documento.<\/p>\n<p>Para saber mais sobre o projeto, \u00e9 s\u00f3 acessar o Portal Ifac &gt;&gt;\u00a0<strong><a href=\"https:\/\/goo.gl\/woxWDH\">https:\/\/goo.gl\/woxWDH<\/a><\/strong>.<\/p>\n","protected":false},"excerpt":{"rendered":"<p>Mais uma parceria para o esporte! Esta semana assinamos o termo de parceria com a Federa\u00e7\u00e3o de T\u00eanis de Mesa do Acre e vamos poder ampliar nossas a\u00e7\u00f5es nesta modalidade, al\u00e9m de dar oportunidade a nossos alunos em aprimorar os conhecimentos t\u00e9cnicos e t\u00e1ticos. Com a parceria, vamos iniciar o projeto &#8220;Minha Escola tem T\u00eanis [&hellip;]<\/p>\n","protected":false},"author":27,"featured_media":0,"comment_status":"open","ping_status":"open","sticky":false,"template":"","format":"standard","meta":{"footnotes":""},"categories":[1],"tags":[],"class_list":["post-3922","post","type-post","status-publish","format-standard","hentry","category-sem-categoria"],"_links":{"self":[{"href":"https:\/\/web.ifac.edu.br\/reitora\/wp-json\/wp\/v2\/posts\/3922","targetHints":{"allow":["GET"]}}],"collection":[{"href":"https:\/\/web.ifac.edu.br\/reitora\/wp-json\/wp\/v2\/posts"}],"about":[{"href":"https:\/\/web.ifac.edu.br\/reitora\/wp-json\/wp\/v2\/types\/post"}],"author":[{"embeddable":true,"href":"https:\/\/web.ifac.edu.br\/reitora\/wp-json\/wp\/v2\/users\/27"}],"replies":[{"embeddable":true,"href":"https:\/\/web.ifac.edu.br\/reitora\/wp-json\/wp\/v2\/comments?post=3922"}],"version-history":[{"count":0,"href":"https:\/\/web.ifac.edu.br\/reitora\/wp-json\/wp\/v2\/posts\/3922\/revisions"}],"wp:attachment":[{"href":"https:\/\/web.ifac.edu.br\/reitora\/wp-json\/wp\/v2\/media?parent=3922"}],"wp:term":[{"taxonomy":"category","embeddable":true,"href":"https:\/\/web.ifac.edu.br\/reitora\/wp-json\/wp\/v2\/categories?post=3922"},{"taxonomy":"post_tag","embeddable":true,"href":"https:\/\/web.ifac.edu.br\/reitora\/wp-json\/wp\/v2\/tags?post=3922"}],"curies":[{"name":"wp","href":"https:\/\/api.w.org\/{rel}","templated":true}]}}