{"id":3916,"date":"2017-10-20T18:46:37","date_gmt":"2017-10-20T20:46:37","guid":{"rendered":"http:\/\/web.ifac.edu.br\/reitora\/?p=3916"},"modified":"2017-10-20T21:49:34","modified_gmt":"2017-10-20T23:49:34","slug":"reuniao-com-secretario-de-seguranca-publica-do-acre","status":"publish","type":"post","link":"https:\/\/web.ifac.edu.br\/reitora\/2017\/10\/20\/reuniao-com-secretario-de-seguranca-publica-do-acre\/","title":{"rendered":"Reuni\u00e3o com secret\u00e1rio de Seguran\u00e7a P\u00fablica do Acre"},"content":{"rendered":"<p><img fetchpriority=\"high\" decoding=\"async\" class=\"alignnone wp-image-3917 size-large\" src=\"http:\/\/web.ifac.edu.br\/reitora\/wp-content\/uploads\/sites\/30\/2017\/10\/DSC_0042-001-1024x555.jpg\" alt=\"\" width=\"625\" height=\"339\" srcset=\"https:\/\/web.ifac.edu.br\/reitora\/wp-content\/uploads\/sites\/30\/2017\/10\/DSC_0042-001-1024x555.jpg 1024w, https:\/\/web.ifac.edu.br\/reitora\/wp-content\/uploads\/sites\/30\/2017\/10\/DSC_0042-001-300x163.jpg 300w, https:\/\/web.ifac.edu.br\/reitora\/wp-content\/uploads\/sites\/30\/2017\/10\/DSC_0042-001-768x417.jpg 768w, https:\/\/web.ifac.edu.br\/reitora\/wp-content\/uploads\/sites\/30\/2017\/10\/DSC_0042-001-624x338.jpg 624w\" sizes=\"(max-width: 625px) 100vw, 625px\" \/><\/p>\n<p>Fechando a agenda desta sexta-feira com o secret\u00e1rio de Seguran\u00e7a P\u00fablica do Estado do Acre, Emylson Farias.\u00a0Durante o encontro falamos sobre educa\u00e7\u00e3o, seguran\u00e7a p\u00fablica e tamb\u00e9m discutimos a possibilidade das regi\u00f5es em que nossos campi est\u00e3o instalados no Acre continuem sendo rota das for\u00e7as policiais.<\/p>\n<p><img decoding=\"async\" class=\"size-medium wp-image-3918 alignleft\" src=\"http:\/\/web.ifac.edu.br\/reitora\/wp-content\/uploads\/sites\/30\/2017\/10\/DSC_0022-001-300x198.jpg\" alt=\"\" width=\"300\" height=\"198\" srcset=\"https:\/\/web.ifac.edu.br\/reitora\/wp-content\/uploads\/sites\/30\/2017\/10\/DSC_0022-001-300x198.jpg 300w, https:\/\/web.ifac.edu.br\/reitora\/wp-content\/uploads\/sites\/30\/2017\/10\/DSC_0022-001-768x508.jpg 768w, https:\/\/web.ifac.edu.br\/reitora\/wp-content\/uploads\/sites\/30\/2017\/10\/DSC_0022-001-1024x677.jpg 1024w, https:\/\/web.ifac.edu.br\/reitora\/wp-content\/uploads\/sites\/30\/2017\/10\/DSC_0022-001-624x412.jpg 624w\" sizes=\"(max-width: 300px) 100vw, 300px\" \/><\/p>\n<p>O secret\u00e1rio nos ouviu e j\u00e1 adiantou que a partir de novembro, uma comiss\u00e3o da Secretaria de Seguran\u00e7a P\u00fablica do Acre, em conjunto com o Ifac, ir\u00e1 elaborar um Plano Operaci<span class=\"text_exposed_show\">onal.\u00a0<\/span><span style=\"font-size: 1rem\">Assim como n\u00f3s do Ifac, Emylson Farias tamb\u00e9m entende que trabalhar a preven\u00e7\u00e3o \u00e9 o melhor caminho para o futuro da nossa comunidade.<\/span><\/p>\n","protected":false},"excerpt":{"rendered":"<p>Fechando a agenda desta sexta-feira com o secret\u00e1rio de Seguran\u00e7a P\u00fablica do Estado do Acre, Emylson Farias.\u00a0Durante o encontro falamos sobre educa\u00e7\u00e3o, seguran\u00e7a p\u00fablica e tamb\u00e9m discutimos a possibilidade das regi\u00f5es em que nossos campi est\u00e3o instalados no Acre continuem sendo rota das for\u00e7as policiais. O secret\u00e1rio nos ouviu e j\u00e1 adiantou que a partir [&hellip;]<\/p>\n","protected":false},"author":27,"featured_media":0,"comment_status":"open","ping_status":"open","sticky":false,"template":"","format":"standard","meta":{"footnotes":""},"categories":[1],"tags":[],"class_list":["post-3916","post","type-post","status-publish","format-standard","hentry","category-sem-categoria"],"_links":{"self":[{"href":"https:\/\/web.ifac.edu.br\/reitora\/wp-json\/wp\/v2\/posts\/3916","targetHints":{"allow":["GET"]}}],"collection":[{"href":"https:\/\/web.ifac.edu.br\/reitora\/wp-json\/wp\/v2\/posts"}],"about":[{"href":"https:\/\/web.ifac.edu.br\/reitora\/wp-json\/wp\/v2\/types\/post"}],"author":[{"embeddable":true,"href":"https:\/\/web.ifac.edu.br\/reitora\/wp-json\/wp\/v2\/users\/27"}],"replies":[{"embeddable":true,"href":"https:\/\/web.ifac.edu.br\/reitora\/wp-json\/wp\/v2\/comments?post=3916"}],"version-history":[{"count":0,"href":"https:\/\/web.ifac.edu.br\/reitora\/wp-json\/wp\/v2\/posts\/3916\/revisions"}],"wp:attachment":[{"href":"https:\/\/web.ifac.edu.br\/reitora\/wp-json\/wp\/v2\/media?parent=3916"}],"wp:term":[{"taxonomy":"category","embeddable":true,"href":"https:\/\/web.ifac.edu.br\/reitora\/wp-json\/wp\/v2\/categories?post=3916"},{"taxonomy":"post_tag","embeddable":true,"href":"https:\/\/web.ifac.edu.br\/reitora\/wp-json\/wp\/v2\/tags?post=3916"}],"curies":[{"name":"wp","href":"https:\/\/api.w.org\/{rel}","templated":true}]}}