{"id":3909,"date":"2017-10-17T20:55:35","date_gmt":"2017-10-17T22:55:35","guid":{"rendered":"http:\/\/web.ifac.edu.br\/reitora\/?p=3909"},"modified":"2017-10-20T21:12:13","modified_gmt":"2017-10-20T23:12:13","slug":"circuito-empreendedor-no-conct","status":"publish","type":"post","link":"https:\/\/web.ifac.edu.br\/reitora\/2017\/10\/17\/circuito-empreendedor-no-conct\/","title":{"rendered":"Circuito Empreendedor no II Conc&amp;T"},"content":{"rendered":"<p><img fetchpriority=\"high\" decoding=\"async\" class=\"alignnone wp-image-3910 size-large\" src=\"http:\/\/web.ifac.edu.br\/reitora\/wp-content\/uploads\/sites\/30\/2017\/10\/WhatsApp-Image-2017-10-20-at-11.27.56-1024x768.jpeg\" alt=\"\" width=\"625\" height=\"469\" srcset=\"https:\/\/web.ifac.edu.br\/reitora\/wp-content\/uploads\/sites\/30\/2017\/10\/WhatsApp-Image-2017-10-20-at-11.27.56.jpeg 1024w, https:\/\/web.ifac.edu.br\/reitora\/wp-content\/uploads\/sites\/30\/2017\/10\/WhatsApp-Image-2017-10-20-at-11.27.56-300x225.jpeg 300w, https:\/\/web.ifac.edu.br\/reitora\/wp-content\/uploads\/sites\/30\/2017\/10\/WhatsApp-Image-2017-10-20-at-11.27.56-768x576.jpeg 768w, https:\/\/web.ifac.edu.br\/reitora\/wp-content\/uploads\/sites\/30\/2017\/10\/WhatsApp-Image-2017-10-20-at-11.27.56-624x468.jpeg 624w\" sizes=\"(max-width: 625px) 100vw, 625px\" \/><\/p>\n<p>Esta semana, o secret\u00e1rio de Estado de Pequenos Neg\u00f3cios, Henry Nogueira, esteve no Instituto para fecharmos mais uma parceria. Este ano, o II Congresso de Ci\u00eancia e Tecnologia do Ifac contar\u00e1 com a apresenta\u00e7\u00e3o do projeto Circuito Empreendedor. O trabalho ser\u00e1 apresentado no dia 01 de dezembro, durante a realiza\u00e7\u00e3o do evento em Rio Branco.\u00a0Ter uma a\u00e7\u00e3o de empreendedorismo durante o II Conc&amp;T \u00e9 mais um refor\u00e7o para incentivar nossos alunos, e tamb\u00e9m a comunidade, a inovar e auxiliar o crescimento do mercado de trabalho.<\/p>\n","protected":false},"excerpt":{"rendered":"<p>Esta semana, o secret\u00e1rio de Estado de Pequenos Neg\u00f3cios, Henry Nogueira, esteve no Instituto para fecharmos mais uma parceria. Este ano, o II Congresso de Ci\u00eancia e Tecnologia do Ifac contar\u00e1 com a apresenta\u00e7\u00e3o do projeto Circuito Empreendedor. O trabalho ser\u00e1 apresentado no dia 01 de dezembro, durante a realiza\u00e7\u00e3o do evento em Rio Branco.\u00a0Ter [&hellip;]<\/p>\n","protected":false},"author":27,"featured_media":0,"comment_status":"open","ping_status":"open","sticky":false,"template":"","format":"standard","meta":{"footnotes":""},"categories":[1],"tags":[],"class_list":["post-3909","post","type-post","status-publish","format-standard","hentry","category-sem-categoria"],"_links":{"self":[{"href":"https:\/\/web.ifac.edu.br\/reitora\/wp-json\/wp\/v2\/posts\/3909","targetHints":{"allow":["GET"]}}],"collection":[{"href":"https:\/\/web.ifac.edu.br\/reitora\/wp-json\/wp\/v2\/posts"}],"about":[{"href":"https:\/\/web.ifac.edu.br\/reitora\/wp-json\/wp\/v2\/types\/post"}],"author":[{"embeddable":true,"href":"https:\/\/web.ifac.edu.br\/reitora\/wp-json\/wp\/v2\/users\/27"}],"replies":[{"embeddable":true,"href":"https:\/\/web.ifac.edu.br\/reitora\/wp-json\/wp\/v2\/comments?post=3909"}],"version-history":[{"count":0,"href":"https:\/\/web.ifac.edu.br\/reitora\/wp-json\/wp\/v2\/posts\/3909\/revisions"}],"wp:attachment":[{"href":"https:\/\/web.ifac.edu.br\/reitora\/wp-json\/wp\/v2\/media?parent=3909"}],"wp:term":[{"taxonomy":"category","embeddable":true,"href":"https:\/\/web.ifac.edu.br\/reitora\/wp-json\/wp\/v2\/categories?post=3909"},{"taxonomy":"post_tag","embeddable":true,"href":"https:\/\/web.ifac.edu.br\/reitora\/wp-json\/wp\/v2\/tags?post=3909"}],"curies":[{"name":"wp","href":"https:\/\/api.w.org\/{rel}","templated":true}]}}