{"id":3906,"date":"2017-10-18T15:45:28","date_gmt":"2017-10-18T17:45:28","guid":{"rendered":"http:\/\/web.ifac.edu.br\/reitora\/?p=3906"},"modified":"2017-10-18T18:45:42","modified_gmt":"2017-10-18T20:45:42","slug":"parceria-com-a-ufac-para-pericias-medicas","status":"publish","type":"post","link":"https:\/\/web.ifac.edu.br\/reitora\/2017\/10\/18\/parceria-com-a-ufac-para-pericias-medicas\/","title":{"rendered":"Parceria com a Ufac para per\u00edcias m\u00e9dicas"},"content":{"rendered":"<p><img fetchpriority=\"high\" decoding=\"async\" class=\"alignnone wp-image-3907 size-large\" src=\"http:\/\/web.ifac.edu.br\/reitora\/wp-content\/uploads\/sites\/30\/2017\/10\/DSC_0031-001-1024x608.jpg\" alt=\"\" width=\"625\" height=\"371\" srcset=\"https:\/\/web.ifac.edu.br\/reitora\/wp-content\/uploads\/sites\/30\/2017\/10\/DSC_0031-001-1024x608.jpg 1024w, https:\/\/web.ifac.edu.br\/reitora\/wp-content\/uploads\/sites\/30\/2017\/10\/DSC_0031-001-300x178.jpg 300w, https:\/\/web.ifac.edu.br\/reitora\/wp-content\/uploads\/sites\/30\/2017\/10\/DSC_0031-001-768x456.jpg 768w, https:\/\/web.ifac.edu.br\/reitora\/wp-content\/uploads\/sites\/30\/2017\/10\/DSC_0031-001-624x370.jpg 624w\" sizes=\"(max-width: 625px) 100vw, 625px\" \/><\/p>\n<p>Hoje (18.11) a manh\u00e3 come\u00e7ou com mais uma a\u00e7\u00e3o para os servidores do Instituto Federal do Acre (Ifac). A partir de agora o atendimento para per\u00edcias m\u00e9dicas poder\u00e1 ser realizado junto ao Sistema Integrado de Aten\u00e7\u00e3o \u00e0 Sa\u00fade do Servidor, da Universidade Federal do Acre (Ufac).\u00a0Com a assinatura do termo de coopera\u00e7\u00e3o nossos servidores poder\u00e3o ser atendidos nas duas unidades da Ufac, localizadas em Rio Branco e em Cruzeiro do Sul.<\/p>\n","protected":false},"excerpt":{"rendered":"<p>Hoje (18.11) a manh\u00e3 come\u00e7ou com mais uma a\u00e7\u00e3o para os servidores do Instituto Federal do Acre (Ifac). A partir de agora o atendimento para per\u00edcias m\u00e9dicas poder\u00e1 ser realizado junto ao Sistema Integrado de Aten\u00e7\u00e3o \u00e0 Sa\u00fade do Servidor, da Universidade Federal do Acre (Ufac).\u00a0Com a assinatura do termo de coopera\u00e7\u00e3o nossos servidores poder\u00e3o [&hellip;]<\/p>\n","protected":false},"author":27,"featured_media":0,"comment_status":"open","ping_status":"open","sticky":false,"template":"","format":"standard","meta":{"footnotes":""},"categories":[1],"tags":[],"class_list":["post-3906","post","type-post","status-publish","format-standard","hentry","category-sem-categoria"],"_links":{"self":[{"href":"https:\/\/web.ifac.edu.br\/reitora\/wp-json\/wp\/v2\/posts\/3906","targetHints":{"allow":["GET"]}}],"collection":[{"href":"https:\/\/web.ifac.edu.br\/reitora\/wp-json\/wp\/v2\/posts"}],"about":[{"href":"https:\/\/web.ifac.edu.br\/reitora\/wp-json\/wp\/v2\/types\/post"}],"author":[{"embeddable":true,"href":"https:\/\/web.ifac.edu.br\/reitora\/wp-json\/wp\/v2\/users\/27"}],"replies":[{"embeddable":true,"href":"https:\/\/web.ifac.edu.br\/reitora\/wp-json\/wp\/v2\/comments?post=3906"}],"version-history":[{"count":0,"href":"https:\/\/web.ifac.edu.br\/reitora\/wp-json\/wp\/v2\/posts\/3906\/revisions"}],"wp:attachment":[{"href":"https:\/\/web.ifac.edu.br\/reitora\/wp-json\/wp\/v2\/media?parent=3906"}],"wp:term":[{"taxonomy":"category","embeddable":true,"href":"https:\/\/web.ifac.edu.br\/reitora\/wp-json\/wp\/v2\/categories?post=3906"},{"taxonomy":"post_tag","embeddable":true,"href":"https:\/\/web.ifac.edu.br\/reitora\/wp-json\/wp\/v2\/tags?post=3906"}],"curies":[{"name":"wp","href":"https:\/\/api.w.org\/{rel}","templated":true}]}}