{"id":3903,"date":"2017-10-17T15:11:39","date_gmt":"2017-10-17T17:11:39","guid":{"rendered":"http:\/\/web.ifac.edu.br\/reitora\/?p=3903"},"modified":"2017-10-18T18:24:52","modified_gmt":"2017-10-18T20:24:52","slug":"parceria-com-o-instituto-oswaldo-cruz","status":"publish","type":"post","link":"https:\/\/web.ifac.edu.br\/reitora\/2017\/10\/17\/parceria-com-o-instituto-oswaldo-cruz\/","title":{"rendered":"Parceria com o Instituto Oswaldo Cruz"},"content":{"rendered":"<p><img fetchpriority=\"high\" decoding=\"async\" class=\"alignnone wp-image-3904 size-large\" src=\"http:\/\/web.ifac.edu.br\/reitora\/wp-content\/uploads\/sites\/30\/2017\/10\/DSC_0033-1024x683.jpg\" alt=\"\" width=\"625\" height=\"417\" srcset=\"https:\/\/web.ifac.edu.br\/reitora\/wp-content\/uploads\/sites\/30\/2017\/10\/DSC_0033-1024x683.jpg 1024w, https:\/\/web.ifac.edu.br\/reitora\/wp-content\/uploads\/sites\/30\/2017\/10\/DSC_0033-300x200.jpg 300w, https:\/\/web.ifac.edu.br\/reitora\/wp-content\/uploads\/sites\/30\/2017\/10\/DSC_0033-768x512.jpg 768w, https:\/\/web.ifac.edu.br\/reitora\/wp-content\/uploads\/sites\/30\/2017\/10\/DSC_0033-624x416.jpg 624w\" sizes=\"(max-width: 625px) 100vw, 625px\" \/><\/p>\n<p>Assinamos nesta ter\u00e7a-feira (17.11) o termo aditivo de coopera\u00e7\u00e3o com o Instituto Oswaldo Cruz. Mais uma a\u00e7\u00e3o para que os nossos servidores continuem se capacitando e possam concluir suas forma\u00e7\u00f5es em doutorado.<\/p>\n<p>Junto com as equipes das Pr\u00f3-Reitorias de Desenvolvimento Institucional (Prodin) e de Pesquisa, Inova\u00e7\u00e3o e P\u00f3s-Gradua\u00e7\u00e3o (Proinp), e ainda o diretor do Instituto Oswaldo Cruz,\u00a0Jos\u00e9 Paulo Gagliardi Leite, constru\u00edmos o termo aditivo para continua\u00e7\u00e3o da parceria e assim termos 19 novos doutores no quadro de docentes efetivos do Ifac.<\/p>\n<p>\u00c9 um ganho n\u00e3o apenas para a institui\u00e7\u00e3o, mas para a nossa regi\u00e3o, j\u00e1 que estes novos doutores ser\u00e3o multiplicadores de conhecimento.<\/p>\n<p>&nbsp;<\/p>\n","protected":false},"excerpt":{"rendered":"<p>Assinamos nesta ter\u00e7a-feira (17.11) o termo aditivo de coopera\u00e7\u00e3o com o Instituto Oswaldo Cruz. Mais uma a\u00e7\u00e3o para que os nossos servidores continuem se capacitando e possam concluir suas forma\u00e7\u00f5es em doutorado. Junto com as equipes das Pr\u00f3-Reitorias de Desenvolvimento Institucional (Prodin) e de Pesquisa, Inova\u00e7\u00e3o e P\u00f3s-Gradua\u00e7\u00e3o (Proinp), e ainda o diretor do Instituto [&hellip;]<\/p>\n","protected":false},"author":27,"featured_media":0,"comment_status":"open","ping_status":"open","sticky":false,"template":"","format":"standard","meta":{"footnotes":""},"categories":[1],"tags":[],"class_list":["post-3903","post","type-post","status-publish","format-standard","hentry","category-sem-categoria"],"_links":{"self":[{"href":"https:\/\/web.ifac.edu.br\/reitora\/wp-json\/wp\/v2\/posts\/3903","targetHints":{"allow":["GET"]}}],"collection":[{"href":"https:\/\/web.ifac.edu.br\/reitora\/wp-json\/wp\/v2\/posts"}],"about":[{"href":"https:\/\/web.ifac.edu.br\/reitora\/wp-json\/wp\/v2\/types\/post"}],"author":[{"embeddable":true,"href":"https:\/\/web.ifac.edu.br\/reitora\/wp-json\/wp\/v2\/users\/27"}],"replies":[{"embeddable":true,"href":"https:\/\/web.ifac.edu.br\/reitora\/wp-json\/wp\/v2\/comments?post=3903"}],"version-history":[{"count":0,"href":"https:\/\/web.ifac.edu.br\/reitora\/wp-json\/wp\/v2\/posts\/3903\/revisions"}],"wp:attachment":[{"href":"https:\/\/web.ifac.edu.br\/reitora\/wp-json\/wp\/v2\/media?parent=3903"}],"wp:term":[{"taxonomy":"category","embeddable":true,"href":"https:\/\/web.ifac.edu.br\/reitora\/wp-json\/wp\/v2\/categories?post=3903"},{"taxonomy":"post_tag","embeddable":true,"href":"https:\/\/web.ifac.edu.br\/reitora\/wp-json\/wp\/v2\/tags?post=3903"}],"curies":[{"name":"wp","href":"https:\/\/api.w.org\/{rel}","templated":true}]}}