{"id":3893,"date":"2017-10-16T16:58:14","date_gmt":"2017-10-16T18:58:14","guid":{"rendered":"http:\/\/web.ifac.edu.br\/reitora\/?p=3893"},"modified":"2017-10-18T17:59:17","modified_gmt":"2017-10-18T19:59:17","slug":"semana-estadual-de-ciencia-e-tecnologia","status":"publish","type":"post","link":"https:\/\/web.ifac.edu.br\/reitora\/2017\/10\/16\/semana-estadual-de-ciencia-e-tecnologia\/","title":{"rendered":"Semana Estadual de Ci\u00eancia e Tecnologia"},"content":{"rendered":"<p>&nbsp;<\/p>\n<p><img fetchpriority=\"high\" decoding=\"async\" class=\"alignnone wp-image-3898 size-large\" src=\"http:\/\/web.ifac.edu.br\/reitora\/wp-content\/uploads\/sites\/30\/2017\/10\/semana_ciencia_tecnologia_2017-5-1024x706.jpg\" alt=\"\" width=\"625\" height=\"431\" srcset=\"https:\/\/web.ifac.edu.br\/reitora\/wp-content\/uploads\/sites\/30\/2017\/10\/semana_ciencia_tecnologia_2017-5-1024x706.jpg 1024w, https:\/\/web.ifac.edu.br\/reitora\/wp-content\/uploads\/sites\/30\/2017\/10\/semana_ciencia_tecnologia_2017-5-300x207.jpg 300w, https:\/\/web.ifac.edu.br\/reitora\/wp-content\/uploads\/sites\/30\/2017\/10\/semana_ciencia_tecnologia_2017-5-768x530.jpg 768w, https:\/\/web.ifac.edu.br\/reitora\/wp-content\/uploads\/sites\/30\/2017\/10\/semana_ciencia_tecnologia_2017-5-624x430.jpg 624w, https:\/\/web.ifac.edu.br\/reitora\/wp-content\/uploads\/sites\/30\/2017\/10\/semana_ciencia_tecnologia_2017-5.jpg 1644w\" sizes=\"(max-width: 625px) 100vw, 625px\" \/><\/p>\n<p><span style=\"font-size: 1rem\">Falar de ci\u00eancia e tecnologia \u00e9 um privil\u00e9gio para mim. Principalmente em um evento em que vemos a integra\u00e7\u00e3o de diversas institui\u00e7\u00f5es acreanas. Nesta segunda-feira (16.10), participei da abertura da Semana Estadual de Ci\u00eancia e Tecnologia do Acre 2017 e o Ifac est\u00e1 com diversos trabalhos para serem apresentados durante o evento.<\/span><\/p>\n<p><img decoding=\"async\" class=\"size-medium wp-image-3894 alignleft\" src=\"http:\/\/web.ifac.edu.br\/reitora\/wp-content\/uploads\/sites\/30\/2017\/10\/DSC_0038-001-300x180.jpg\" alt=\"\" width=\"300\" height=\"180\" srcset=\"https:\/\/web.ifac.edu.br\/reitora\/wp-content\/uploads\/sites\/30\/2017\/10\/DSC_0038-001-300x180.jpg 300w, https:\/\/web.ifac.edu.br\/reitora\/wp-content\/uploads\/sites\/30\/2017\/10\/DSC_0038-001-768x460.jpg 768w, https:\/\/web.ifac.edu.br\/reitora\/wp-content\/uploads\/sites\/30\/2017\/10\/DSC_0038-001-1024x613.jpg 1024w, https:\/\/web.ifac.edu.br\/reitora\/wp-content\/uploads\/sites\/30\/2017\/10\/DSC_0038-001-624x373.jpg 624w\" sizes=\"(max-width: 300px) 100vw, 300px\" \/><\/p>\n<p>Al\u00e9m de levar para o conhecimento da comunidade, os projetos desenvolvidos por estudantes da nossa institui\u00e7\u00e3o, o professor Paulo Santos, que \u00e9 coordenador local da IV Feira Nacional de Matem\u00e1tica, ir\u00e1 proferir palestra sobre o tema. Esta \u00e9 a primeira vez que um estado da regi\u00e3o Norte ir\u00e1 receber este evento nacional.<\/p>\n<p>Para n\u00f3s do Ifac \u00e9 um orgulho poder falar sobre a edi\u00e7\u00e3o de 2018 da Feira Nacional de Matem\u00e1tica, pois somos n\u00f3s os organizadores deste grande evento, que ir\u00e1 acontecer entre os meses de maio e junho do pr\u00f3ximo ano. Em conjunto com a Ufac e o Governo do Estado, tenho certeza que este ser\u00e1 um momento para um maior interc\u00e2mbio de conhecimento e cultura dos participantes.<\/p>\n<p>Saiba mais sobre o tema:\u00a0<strong><a href=\"https:\/\/goo.gl\/XzXXH3\">https:\/\/goo.gl\/XzXXH3<\/a><\/strong>.<\/p>\n","protected":false},"excerpt":{"rendered":"<p>&nbsp; Falar de ci\u00eancia e tecnologia \u00e9 um privil\u00e9gio para mim. Principalmente em um evento em que vemos a integra\u00e7\u00e3o de diversas institui\u00e7\u00f5es acreanas. Nesta segunda-feira (16.10), participei da abertura da Semana Estadual de Ci\u00eancia e Tecnologia do Acre 2017 e o Ifac est\u00e1 com diversos trabalhos para serem apresentados durante o evento. Al\u00e9m de [&hellip;]<\/p>\n","protected":false},"author":27,"featured_media":0,"comment_status":"open","ping_status":"open","sticky":false,"template":"","format":"standard","meta":{"footnotes":""},"categories":[1],"tags":[],"class_list":["post-3893","post","type-post","status-publish","format-standard","hentry","category-sem-categoria"],"_links":{"self":[{"href":"https:\/\/web.ifac.edu.br\/reitora\/wp-json\/wp\/v2\/posts\/3893","targetHints":{"allow":["GET"]}}],"collection":[{"href":"https:\/\/web.ifac.edu.br\/reitora\/wp-json\/wp\/v2\/posts"}],"about":[{"href":"https:\/\/web.ifac.edu.br\/reitora\/wp-json\/wp\/v2\/types\/post"}],"author":[{"embeddable":true,"href":"https:\/\/web.ifac.edu.br\/reitora\/wp-json\/wp\/v2\/users\/27"}],"replies":[{"embeddable":true,"href":"https:\/\/web.ifac.edu.br\/reitora\/wp-json\/wp\/v2\/comments?post=3893"}],"version-history":[{"count":0,"href":"https:\/\/web.ifac.edu.br\/reitora\/wp-json\/wp\/v2\/posts\/3893\/revisions"}],"wp:attachment":[{"href":"https:\/\/web.ifac.edu.br\/reitora\/wp-json\/wp\/v2\/media?parent=3893"}],"wp:term":[{"taxonomy":"category","embeddable":true,"href":"https:\/\/web.ifac.edu.br\/reitora\/wp-json\/wp\/v2\/categories?post=3893"},{"taxonomy":"post_tag","embeddable":true,"href":"https:\/\/web.ifac.edu.br\/reitora\/wp-json\/wp\/v2\/tags?post=3893"}],"curies":[{"name":"wp","href":"https:\/\/api.w.org\/{rel}","templated":true}]}}