{"id":3886,"date":"2017-10-09T13:59:55","date_gmt":"2017-10-09T16:59:55","guid":{"rendered":"http:\/\/web.ifac.edu.br\/reitora\/?p=3886"},"modified":"2017-10-17T18:57:09","modified_gmt":"2017-10-17T20:57:09","slug":"convenio-com-o-sesc","status":"publish","type":"post","link":"https:\/\/web.ifac.edu.br\/reitora\/2017\/10\/09\/convenio-com-o-sesc\/","title":{"rendered":"Conv\u00eanio com o Sesc"},"content":{"rendered":"<p><img fetchpriority=\"high\" decoding=\"async\" class=\"alignnone size-large wp-image-3888\" src=\"http:\/\/web.ifac.edu.br\/reitora\/wp-content\/uploads\/sites\/30\/2017\/10\/DSC_0023-001-1024x683.jpg\" alt=\"\" width=\"625\" height=\"417\" srcset=\"https:\/\/web.ifac.edu.br\/reitora\/wp-content\/uploads\/sites\/30\/2017\/10\/DSC_0023-001-1024x683.jpg 1024w, https:\/\/web.ifac.edu.br\/reitora\/wp-content\/uploads\/sites\/30\/2017\/10\/DSC_0023-001-300x200.jpg 300w, https:\/\/web.ifac.edu.br\/reitora\/wp-content\/uploads\/sites\/30\/2017\/10\/DSC_0023-001-768x512.jpg 768w, https:\/\/web.ifac.edu.br\/reitora\/wp-content\/uploads\/sites\/30\/2017\/10\/DSC_0023-001-624x416.jpg 624w\" sizes=\"(max-width: 625px) 100vw, 625px\" \/><\/p>\n<p>Na \u00faltima semana avan\u00e7amos em mais uma parceria. A partir de agora, os dependentes dos servidores do Instituto Federal do Acre tamb\u00e9m poder\u00e3o usufruir dos servi\u00e7os de lazer e hotelaria oferecidos pelo Sesc Acre em um pre\u00e7o reduzido.<\/p>\n<p><img decoding=\"async\" class=\"size-medium wp-image-3887 alignleft\" src=\"http:\/\/web.ifac.edu.br\/reitora\/wp-content\/uploads\/sites\/30\/2017\/10\/DSC_0054-001-300x200-300x200.jpg\" alt=\"\" width=\"300\" height=\"200\" \/>At\u00e9 o \u00faltimo m\u00eas, o nosso conv\u00eanio com o Sesc concedia benef\u00edcio apenas aos nossos servidores.<\/p>\n<p>O documento, que foi assinado em conjunto com o presidente da Fecom\u00e9rcio\/Acre, Leandro Domingos Teixeira Pinto, j\u00e1 est\u00e1 em vigor. Tenho certeza que esta \u00e9 mais uma a\u00e7\u00e3o que ir\u00e1 contribuir para o bem estar de nossos servidores. E para saber mais sobre a assinatura do conv\u00eanio, acesse: <a href=\"https:\/\/goo.gl\/gkuNi3\" target=\"_blank\" rel=\"noopener\">https:\/\/goo.gl\/gkuNi3<\/a>.<\/p>\n","protected":false},"excerpt":{"rendered":"<p>Na \u00faltima semana avan\u00e7amos em mais uma parceria. A partir de agora, os dependentes dos servidores do Instituto Federal do Acre tamb\u00e9m poder\u00e3o usufruir dos servi\u00e7os de lazer e hotelaria oferecidos pelo Sesc Acre em um pre\u00e7o reduzido. At\u00e9 o \u00faltimo m\u00eas, o nosso conv\u00eanio com o Sesc concedia benef\u00edcio apenas aos nossos servidores. O [&hellip;]<\/p>\n","protected":false},"author":16,"featured_media":0,"comment_status":"open","ping_status":"open","sticky":false,"template":"","format":"standard","meta":{"footnotes":""},"categories":[2],"tags":[],"class_list":["post-3886","post","type-post","status-publish","format-standard","hentry","category-noticias"],"_links":{"self":[{"href":"https:\/\/web.ifac.edu.br\/reitora\/wp-json\/wp\/v2\/posts\/3886","targetHints":{"allow":["GET"]}}],"collection":[{"href":"https:\/\/web.ifac.edu.br\/reitora\/wp-json\/wp\/v2\/posts"}],"about":[{"href":"https:\/\/web.ifac.edu.br\/reitora\/wp-json\/wp\/v2\/types\/post"}],"author":[{"embeddable":true,"href":"https:\/\/web.ifac.edu.br\/reitora\/wp-json\/wp\/v2\/users\/16"}],"replies":[{"embeddable":true,"href":"https:\/\/web.ifac.edu.br\/reitora\/wp-json\/wp\/v2\/comments?post=3886"}],"version-history":[{"count":0,"href":"https:\/\/web.ifac.edu.br\/reitora\/wp-json\/wp\/v2\/posts\/3886\/revisions"}],"wp:attachment":[{"href":"https:\/\/web.ifac.edu.br\/reitora\/wp-json\/wp\/v2\/media?parent=3886"}],"wp:term":[{"taxonomy":"category","embeddable":true,"href":"https:\/\/web.ifac.edu.br\/reitora\/wp-json\/wp\/v2\/categories?post=3886"},{"taxonomy":"post_tag","embeddable":true,"href":"https:\/\/web.ifac.edu.br\/reitora\/wp-json\/wp\/v2\/tags?post=3886"}],"curies":[{"name":"wp","href":"https:\/\/api.w.org\/{rel}","templated":true}]}}