{"id":3828,"date":"2017-09-25T21:34:41","date_gmt":"2017-09-25T21:34:41","guid":{"rendered":"http:\/\/blogdareitora.ifac.edu.br\/?p=3828"},"modified":"2017-09-25T21:34:41","modified_gmt":"2017-09-25T21:34:41","slug":"mestrado-profept-no-ifac","status":"publish","type":"post","link":"https:\/\/web.ifac.edu.br\/reitora\/2017\/09\/25\/mestrado-profept-no-ifac\/","title":{"rendered":"Mestrado ProfEPT no Ifac"},"content":{"rendered":"<p><img fetchpriority=\"high\" decoding=\"async\" class=\"aligncenter size-full wp-image-3829\" src=\"http:\/\/web.ifac.edu.br\/reitora\/wp-content\/uploads\/sites\/30\/2017\/09\/Mestrado.jpg\" alt=\"\" width=\"4984\" height=\"2798\" \/><\/p>\n<p>O Instituto Federal do Acre \u00e9 agora uma das institui\u00e7\u00f5es credenciadas para ofertar o curso de mestrado do Programa de P\u00f3s-Gradua\u00e7\u00e3o em\u00a0Educa\u00e7\u00e3o Profissional e Tecnol\u00f3gica da Rede Federal, que \u00e9 o mestrado em rede dos institutos federais do Brasil.<\/p>\n<p>Al\u00e9m de termos sido selecionados como polo, este \u00e9 um momento muito marcante para a institui\u00e7\u00e3o, pois ser\u00e1 o primeiro curso de mestrado a ser ofertado pelo Ifac. As vagas ser\u00e3o destinadas tanto para servidores da Rede Federal, como tamb\u00e9m para comunidade. O curso come\u00e7ar\u00e1 a ser ofertado j\u00e1 em 2018.<\/p>\n<p>\u00c9 mais um passo que estamos dando na \u00e1rea de pesquisa e de incentivo a capacita\u00e7\u00e3o de nossos servidores.\u00a0Produzimos um material sobre o credenciamento e que voc\u00eas podem conferir no Portal Ifac &gt;&gt;\u00a0<a href=\"https:\/\/goo.gl\/BVvgUU\" target=\"_blank\" rel=\"noopener\">https:\/\/goo.gl\/BVvgUU<\/a><\/p>\n<div class=\"text_exposed_show\"><\/div>\n","protected":false},"excerpt":{"rendered":"<p>O Instituto Federal do Acre \u00e9 agora uma das institui\u00e7\u00f5es credenciadas para ofertar o curso de mestrado do Programa de P\u00f3s-Gradua\u00e7\u00e3o em\u00a0Educa\u00e7\u00e3o Profissional e Tecnol\u00f3gica da Rede Federal, que \u00e9 o mestrado em rede dos institutos federais do Brasil. Al\u00e9m de termos sido selecionados como polo, este \u00e9 um momento muito marcante para a institui\u00e7\u00e3o, [&hellip;]<\/p>\n","protected":false},"author":16,"featured_media":0,"comment_status":"closed","ping_status":"open","sticky":false,"template":"","format":"standard","meta":{"footnotes":""},"categories":[2],"tags":[],"class_list":["post-3828","post","type-post","status-publish","format-standard","hentry","category-noticias"],"_links":{"self":[{"href":"https:\/\/web.ifac.edu.br\/reitora\/wp-json\/wp\/v2\/posts\/3828","targetHints":{"allow":["GET"]}}],"collection":[{"href":"https:\/\/web.ifac.edu.br\/reitora\/wp-json\/wp\/v2\/posts"}],"about":[{"href":"https:\/\/web.ifac.edu.br\/reitora\/wp-json\/wp\/v2\/types\/post"}],"author":[{"embeddable":true,"href":"https:\/\/web.ifac.edu.br\/reitora\/wp-json\/wp\/v2\/users\/16"}],"replies":[{"embeddable":true,"href":"https:\/\/web.ifac.edu.br\/reitora\/wp-json\/wp\/v2\/comments?post=3828"}],"version-history":[{"count":0,"href":"https:\/\/web.ifac.edu.br\/reitora\/wp-json\/wp\/v2\/posts\/3828\/revisions"}],"wp:attachment":[{"href":"https:\/\/web.ifac.edu.br\/reitora\/wp-json\/wp\/v2\/media?parent=3828"}],"wp:term":[{"taxonomy":"category","embeddable":true,"href":"https:\/\/web.ifac.edu.br\/reitora\/wp-json\/wp\/v2\/categories?post=3828"},{"taxonomy":"post_tag","embeddable":true,"href":"https:\/\/web.ifac.edu.br\/reitora\/wp-json\/wp\/v2\/tags?post=3828"}],"curies":[{"name":"wp","href":"https:\/\/api.w.org\/{rel}","templated":true}]}}