{"id":3822,"date":"2017-09-27T21:29:25","date_gmt":"2017-09-27T21:29:25","guid":{"rendered":"http:\/\/blogdareitora.ifac.edu.br\/?p=3822"},"modified":"2017-09-27T21:29:25","modified_gmt":"2017-09-27T21:29:25","slug":"aula-inaugural-de-pos-graduacao-em-agricultura-familiar","status":"publish","type":"post","link":"https:\/\/web.ifac.edu.br\/reitora\/2017\/09\/27\/aula-inaugural-de-pos-graduacao-em-agricultura-familiar\/","title":{"rendered":"Aula inaugural de p\u00f3s-gradua\u00e7\u00e3o em Agricultura Familiar"},"content":{"rendered":"<p><img fetchpriority=\"high\" decoding=\"async\" class=\"aligncenter size-full wp-image-3823\" src=\"http:\/\/web.ifac.edu.br\/reitora\/wp-content\/uploads\/sites\/30\/2017\/09\/DSC_0040-001.jpg\" alt=\"\" width=\"2896\" height=\"1667\" \/><\/p>\n<p>Estive presente na aula inaugural do curso de p\u00f3s-gradua\u00e7\u00e3o do Ifac em Agricultura Familiar, no \u00faltimo dia 26 de setembro.<\/p>\n<p><img decoding=\"async\" class=\" wp-image-3824 alignleft\" src=\"http:\/\/web.ifac.edu.br\/reitora\/wp-content\/uploads\/sites\/30\/2017\/09\/DSC_0058-001.jpg\" alt=\"\" width=\"360\" height=\"202\" \/><\/p>\n<p>Dar in\u00edcio a este curso \u00e9 muito importante para a hist\u00f3ria da nossa institui\u00e7\u00e3o, pois al\u00e9m de ser a primeira p\u00f3s-gradua\u00e7\u00e3o do Ifac a ser ofertada na \u00e1rea de Recursos Naturais, \u00e9 mais um passo que estamos dando rumo a capacita\u00e7\u00e3o dos profissionais do Acre.<\/p>\n<p>E esta n\u00e3o ser\u00e1 a \u00fanica p\u00f3s-gradua\u00e7\u00e3o a ser ofertada. Os docentes e t\u00e9cnicos dos campi do Ifac j\u00e1 est\u00e3o trabalhando na formata\u00e7\u00e3o de projetos pedag\u00f3gicos de outras especializa\u00e7\u00f5es.<\/p>\n","protected":false},"excerpt":{"rendered":"<p>Estive presente na aula inaugural do curso de p\u00f3s-gradua\u00e7\u00e3o do Ifac em Agricultura Familiar, no \u00faltimo dia 26 de setembro. Dar in\u00edcio a este curso \u00e9 muito importante para a hist\u00f3ria da nossa institui\u00e7\u00e3o, pois al\u00e9m de ser a primeira p\u00f3s-gradua\u00e7\u00e3o do Ifac a ser ofertada na \u00e1rea de Recursos Naturais, \u00e9 mais um passo [&hellip;]<\/p>\n","protected":false},"author":16,"featured_media":0,"comment_status":"closed","ping_status":"open","sticky":false,"template":"","format":"standard","meta":{"footnotes":""},"categories":[2],"tags":[],"class_list":["post-3822","post","type-post","status-publish","format-standard","hentry","category-noticias"],"_links":{"self":[{"href":"https:\/\/web.ifac.edu.br\/reitora\/wp-json\/wp\/v2\/posts\/3822","targetHints":{"allow":["GET"]}}],"collection":[{"href":"https:\/\/web.ifac.edu.br\/reitora\/wp-json\/wp\/v2\/posts"}],"about":[{"href":"https:\/\/web.ifac.edu.br\/reitora\/wp-json\/wp\/v2\/types\/post"}],"author":[{"embeddable":true,"href":"https:\/\/web.ifac.edu.br\/reitora\/wp-json\/wp\/v2\/users\/16"}],"replies":[{"embeddable":true,"href":"https:\/\/web.ifac.edu.br\/reitora\/wp-json\/wp\/v2\/comments?post=3822"}],"version-history":[{"count":0,"href":"https:\/\/web.ifac.edu.br\/reitora\/wp-json\/wp\/v2\/posts\/3822\/revisions"}],"wp:attachment":[{"href":"https:\/\/web.ifac.edu.br\/reitora\/wp-json\/wp\/v2\/media?parent=3822"}],"wp:term":[{"taxonomy":"category","embeddable":true,"href":"https:\/\/web.ifac.edu.br\/reitora\/wp-json\/wp\/v2\/categories?post=3822"},{"taxonomy":"post_tag","embeddable":true,"href":"https:\/\/web.ifac.edu.br\/reitora\/wp-json\/wp\/v2\/tags?post=3822"}],"curies":[{"name":"wp","href":"https:\/\/api.w.org\/{rel}","templated":true}]}}