{"id":3814,"date":"2017-09-28T21:28:13","date_gmt":"2017-09-28T21:28:13","guid":{"rendered":"http:\/\/blogdareitora.ifac.edu.br\/?p=3814"},"modified":"2017-10-04T13:57:22","modified_gmt":"2017-10-04T16:57:22","slug":"certificacoes-e-colacoes-de-grau-no-ifac","status":"publish","type":"post","link":"https:\/\/web.ifac.edu.br\/reitora\/2017\/09\/28\/certificacoes-e-colacoes-de-grau-no-ifac\/","title":{"rendered":"Certifica\u00e7\u00f5es e cola\u00e7\u00f5es de grau no Ifac"},"content":{"rendered":"<p><img fetchpriority=\"high\" decoding=\"async\" class=\"aligncenter size-full wp-image-3817\" src=\"http:\/\/web.ifac.edu.br\/reitora\/wp-content\/uploads\/sites\/30\/2017\/09\/DSC_0514-001.jpg\" alt=\"\" width=\"3456\" height=\"1604\" \/><\/p>\n<p>Mais de 380 novos profissionais no mercado de trabalho certificados e formados pelo Instituto Federal do Acre.\u00a0Desde o m\u00eas de agosto temos realizado cerim\u00f4nias de certifica\u00e7\u00e3o e cola\u00e7\u00e3o de grau no Ifac e o nosso sentimento \u00e9 de dever cumprido.<\/p>\n<p><img decoding=\"async\" class=\" wp-image-3816 alignleft\" src=\"http:\/\/web.ifac.edu.br\/reitora\/wp-content\/uploads\/sites\/30\/2017\/09\/DSC_0326.jpg\" alt=\"\" width=\"378\" height=\"252\" \/><\/p>\n<p>Ao participar dos eventos, tenho a certeza de que estamos no caminho certo, com foco em uma educa\u00e7\u00e3o de qualidade, visando o mercado de trabalho, garantindo novas experi\u00eancias aos alunos e os inserindo tamb\u00e9m nas \u00e1reas de pesquis<span class=\"text_exposed_show\">a e extens\u00e3o.<\/span><\/p>\n<div class=\"text_exposed_show\">\n<p>Nos pr\u00f3ximos dias ainda teremos outras duas certifica\u00e7\u00f5es de cursos t\u00e9cnicos, da modalidade em Educa\u00e7\u00e3o a Dist\u00e2ncia, que ser\u00e3o realizadas no munic\u00edpio de Sena Madureira e Manuel Urbano.<\/p>\n<\/div>\n","protected":false},"excerpt":{"rendered":"<p>Mais de 380 novos profissionais no mercado de trabalho certificados e formados pelo Instituto Federal do Acre.\u00a0Desde o m\u00eas de agosto temos realizado cerim\u00f4nias de certifica\u00e7\u00e3o e cola\u00e7\u00e3o de grau no Ifac e o nosso sentimento \u00e9 de dever cumprido. Ao participar dos eventos, tenho a certeza de que estamos no caminho certo, com foco [&hellip;]<\/p>\n","protected":false},"author":16,"featured_media":0,"comment_status":"closed","ping_status":"open","sticky":false,"template":"","format":"standard","meta":{"footnotes":""},"categories":[2],"tags":[],"class_list":["post-3814","post","type-post","status-publish","format-standard","hentry","category-noticias"],"_links":{"self":[{"href":"https:\/\/web.ifac.edu.br\/reitora\/wp-json\/wp\/v2\/posts\/3814","targetHints":{"allow":["GET"]}}],"collection":[{"href":"https:\/\/web.ifac.edu.br\/reitora\/wp-json\/wp\/v2\/posts"}],"about":[{"href":"https:\/\/web.ifac.edu.br\/reitora\/wp-json\/wp\/v2\/types\/post"}],"author":[{"embeddable":true,"href":"https:\/\/web.ifac.edu.br\/reitora\/wp-json\/wp\/v2\/users\/16"}],"replies":[{"embeddable":true,"href":"https:\/\/web.ifac.edu.br\/reitora\/wp-json\/wp\/v2\/comments?post=3814"}],"version-history":[{"count":0,"href":"https:\/\/web.ifac.edu.br\/reitora\/wp-json\/wp\/v2\/posts\/3814\/revisions"}],"wp:attachment":[{"href":"https:\/\/web.ifac.edu.br\/reitora\/wp-json\/wp\/v2\/media?parent=3814"}],"wp:term":[{"taxonomy":"category","embeddable":true,"href":"https:\/\/web.ifac.edu.br\/reitora\/wp-json\/wp\/v2\/categories?post=3814"},{"taxonomy":"post_tag","embeddable":true,"href":"https:\/\/web.ifac.edu.br\/reitora\/wp-json\/wp\/v2\/tags?post=3814"}],"curies":[{"name":"wp","href":"https:\/\/api.w.org\/{rel}","templated":true}]}}