{"id":3810,"date":"2017-09-25T21:15:49","date_gmt":"2017-09-25T21:15:49","guid":{"rendered":"http:\/\/blogdareitora.ifac.edu.br\/?p=3810"},"modified":"2017-09-25T21:15:49","modified_gmt":"2017-09-25T21:15:49","slug":"xv-vem-pro-candeias","status":"publish","type":"post","link":"https:\/\/web.ifac.edu.br\/reitora\/2017\/09\/25\/xv-vem-pro-candeias\/","title":{"rendered":"XV Vem Pro Candeias"},"content":{"rendered":"<p dir=\"ltr\"><img fetchpriority=\"high\" decoding=\"async\" class=\"aligncenter size-full wp-image-3811\" src=\"http:\/\/web.ifac.edu.br\/reitora\/wp-content\/uploads\/sites\/30\/2017\/09\/DSC_0047-2.jpg\" alt=\"\" width=\"3456\" height=\"2304\" \/>Em reuni\u00e3o com o Grupo Candeias de Capoeira, no dia 25 de setembro, fui convidada para participar da cerim\u00f4nia de abertura do XV Vem Pro Candeias, que \u00e9 um evento que faz parte do projeto de extens\u00e3o e cultura do Ifac e acontecer\u00e1 nos dias 28\u00a0a 30 de setembro no campus Rio Branco.<\/p>\n<p dir=\"ltr\">Participaram da reuni\u00e3o organizadores do evento e integrantes do grupo Candeias, o Pr\u00f3-reitor de extens\u00e3o, F\u00e1bio Storch e a coordenadora de arte e cultura, Mariete Buriti de Souza.<\/p>\n<p dir=\"ltr\"><img decoding=\"async\" class=\"aligncenter size-full wp-image-3812\" src=\"http:\/\/web.ifac.edu.br\/reitora\/wp-content\/uploads\/sites\/30\/2017\/09\/DSC_0031-1.jpg\" alt=\"\" width=\"3456\" height=\"2304\" \/>Durante a conversa, o professor Cledir de Ara\u00fajo relatou que a principal proposta do projeto, al\u00e9m de aproximar a comunidade externa, \u00e9 desmistificar os equ\u00edvocos que a arte sofre. Existe um mito relacionado a capoeira que \u00e9 a rela\u00e7\u00e3o entre o esporte e a religi\u00e3o, muitos s\u00f3 veem a capoeira como algo relacionado ao candombl\u00e9 e n\u00e3o a desfrutam como um esporte.<\/p>\n<p dir=\"ltr\">Fiquei bastante feliz em saber da import\u00e2ncia que a comunidade do Ifac e comunidade externa d\u00e3o ao projeto oferecido. Mesmo durante o atual cen\u00e1rio financeiro, o Ifac n\u00e3o deixou de priorizar a extens\u00e3o, o esporte e a cultura. Ver esse retorno positivo \u00e9 muito importante, pois assim avaliamos e sabemos que os recursos e espa\u00e7os da institui\u00e7\u00e3o est\u00e3o sendo utilizados para uma educa\u00e7\u00e3o de qualidade.<\/p>\n","protected":false},"excerpt":{"rendered":"<p>Em reuni\u00e3o com o Grupo Candeias de Capoeira, no dia 25 de setembro, fui convidada para participar da cerim\u00f4nia de abertura do XV Vem Pro Candeias, que \u00e9 um evento que faz parte do projeto de extens\u00e3o e cultura do Ifac e acontecer\u00e1 nos dias 28\u00a0a 30 de setembro no campus Rio Branco. Participaram da [&hellip;]<\/p>\n","protected":false},"author":16,"featured_media":0,"comment_status":"closed","ping_status":"open","sticky":false,"template":"","format":"standard","meta":{"footnotes":""},"categories":[2],"tags":[],"class_list":["post-3810","post","type-post","status-publish","format-standard","hentry","category-noticias"],"_links":{"self":[{"href":"https:\/\/web.ifac.edu.br\/reitora\/wp-json\/wp\/v2\/posts\/3810","targetHints":{"allow":["GET"]}}],"collection":[{"href":"https:\/\/web.ifac.edu.br\/reitora\/wp-json\/wp\/v2\/posts"}],"about":[{"href":"https:\/\/web.ifac.edu.br\/reitora\/wp-json\/wp\/v2\/types\/post"}],"author":[{"embeddable":true,"href":"https:\/\/web.ifac.edu.br\/reitora\/wp-json\/wp\/v2\/users\/16"}],"replies":[{"embeddable":true,"href":"https:\/\/web.ifac.edu.br\/reitora\/wp-json\/wp\/v2\/comments?post=3810"}],"version-history":[{"count":0,"href":"https:\/\/web.ifac.edu.br\/reitora\/wp-json\/wp\/v2\/posts\/3810\/revisions"}],"wp:attachment":[{"href":"https:\/\/web.ifac.edu.br\/reitora\/wp-json\/wp\/v2\/media?parent=3810"}],"wp:term":[{"taxonomy":"category","embeddable":true,"href":"https:\/\/web.ifac.edu.br\/reitora\/wp-json\/wp\/v2\/categories?post=3810"},{"taxonomy":"post_tag","embeddable":true,"href":"https:\/\/web.ifac.edu.br\/reitora\/wp-json\/wp\/v2\/tags?post=3810"}],"curies":[{"name":"wp","href":"https:\/\/api.w.org\/{rel}","templated":true}]}}