{"id":3764,"date":"2017-09-23T14:02:17","date_gmt":"2017-09-23T14:02:17","guid":{"rendered":"http:\/\/blogdareitora.ifac.edu.br\/?p=3764"},"modified":"2017-09-23T14:02:17","modified_gmt":"2017-09-23T14:02:17","slug":"parabens-para-a-maior-rede-de-educacao-nacional","status":"publish","type":"post","link":"https:\/\/web.ifac.edu.br\/reitora\/2017\/09\/23\/parabens-para-a-maior-rede-de-educacao-nacional\/","title":{"rendered":"Parab\u00e9ns para a maior rede de Educa\u00e7\u00e3o Nacional!\u00a0"},"content":{"rendered":"<p>Rede Federal, 108 anos contribuindo para um Pa\u00eds melhor!<br \/>\nO Estado do Acre faz parte desta Rede.<\/p>\n<p><img fetchpriority=\"high\" decoding=\"async\" class=\"aligncenter size-full wp-image-3765\" src=\"http:\/\/web.ifac.edu.br\/reitora\/wp-content\/uploads\/sites\/30\/2017\/09\/rede_federal_108.jpeg\" alt=\"\" width=\"1168\" height=\"1280\" \/><\/p>\n","protected":false},"excerpt":{"rendered":"<p>Rede Federal, 108 anos contribuindo para um Pa\u00eds melhor! O Estado do Acre faz parte desta Rede.<\/p>\n","protected":false},"author":16,"featured_media":0,"comment_status":"closed","ping_status":"open","sticky":false,"template":"","format":"standard","meta":{"footnotes":""},"categories":[2],"tags":[],"class_list":["post-3764","post","type-post","status-publish","format-standard","hentry","category-noticias"],"_links":{"self":[{"href":"https:\/\/web.ifac.edu.br\/reitora\/wp-json\/wp\/v2\/posts\/3764","targetHints":{"allow":["GET"]}}],"collection":[{"href":"https:\/\/web.ifac.edu.br\/reitora\/wp-json\/wp\/v2\/posts"}],"about":[{"href":"https:\/\/web.ifac.edu.br\/reitora\/wp-json\/wp\/v2\/types\/post"}],"author":[{"embeddable":true,"href":"https:\/\/web.ifac.edu.br\/reitora\/wp-json\/wp\/v2\/users\/16"}],"replies":[{"embeddable":true,"href":"https:\/\/web.ifac.edu.br\/reitora\/wp-json\/wp\/v2\/comments?post=3764"}],"version-history":[{"count":0,"href":"https:\/\/web.ifac.edu.br\/reitora\/wp-json\/wp\/v2\/posts\/3764\/revisions"}],"wp:attachment":[{"href":"https:\/\/web.ifac.edu.br\/reitora\/wp-json\/wp\/v2\/media?parent=3764"}],"wp:term":[{"taxonomy":"category","embeddable":true,"href":"https:\/\/web.ifac.edu.br\/reitora\/wp-json\/wp\/v2\/categories?post=3764"},{"taxonomy":"post_tag","embeddable":true,"href":"https:\/\/web.ifac.edu.br\/reitora\/wp-json\/wp\/v2\/tags?post=3764"}],"curies":[{"name":"wp","href":"https:\/\/api.w.org\/{rel}","templated":true}]}}