{"id":3750,"date":"2017-09-20T22:33:16","date_gmt":"2017-09-20T22:33:16","guid":{"rendered":"http:\/\/blogdareitora.ifac.edu.br\/?p=3750"},"modified":"2017-09-20T22:33:16","modified_gmt":"2017-09-20T22:33:16","slug":"r-21-milhoes-em-emendas-parlamentares-para-o-ifac","status":"publish","type":"post","link":"https:\/\/web.ifac.edu.br\/reitora\/2017\/09\/20\/r-21-milhoes-em-emendas-parlamentares-para-o-ifac\/","title":{"rendered":"R$ 2,1 milh\u00f5es em emendas parlamentares para o Ifac"},"content":{"rendered":"<p><img fetchpriority=\"high\" decoding=\"async\" class=\"aligncenter size-full wp-image-3752\" src=\"http:\/\/web.ifac.edu.br\/reitora\/wp-content\/uploads\/sites\/30\/2017\/09\/emendas_parlamentares-1.jpeg\" alt=\"\" width=\"1280\" height=\"830\" \/><\/p>\n<p style=\"text-align: justify\">O post de hoje \u00e9 um pouco extenso, pois as vezes \u00e9 preciso escrever um pouco mais para relatar toda uma situa\u00e7\u00e3o.<\/p>\n<p style=\"text-align: justify\">O Ifac, devido aos cortes e contingenciamento de recursos promovidos pelo Governo Federal, tem trabalhado no limite, mas n\u00e3o deixando de lado o seu principal objetivo: uma boa educa\u00e7\u00e3o aos alunos.<\/p>\n<p><img decoding=\"async\" class=\" wp-image-3753 alignnone\" src=\"http:\/\/web.ifac.edu.br\/reitora\/wp-content\/uploads\/sites\/30\/2017\/09\/emendas_parlamentares-2.jpeg\" alt=\"\" width=\"304\" height=\"228\" \/>\u00a0<img decoding=\"async\" class=\" wp-image-3751 alignnone\" src=\"http:\/\/web.ifac.edu.br\/reitora\/wp-content\/uploads\/sites\/30\/2017\/09\/emendas_parlamentares-8.jpeg\" alt=\"\" width=\"307\" height=\"231\" \/><\/p>\n<p style=\"text-align: justify\">Devido a redu\u00e7\u00e3o em nosso or\u00e7amento de 2017, desde o in\u00edcio do ano tenho trabalhado junto aos parlamentares federais da bancada acreana para conseguir recurso por meio de emendas parlamentares. Na \u00faltima semana, ap\u00f3s participar de uma audi\u00eancia p\u00fablica, na C\u00e2mara de Deputados, me reuni com v\u00e1rios deputados federais e senadores do Acre.<\/p>\n<p><img loading=\"lazy\" decoding=\"async\" class=\" wp-image-3754 alignnone\" src=\"http:\/\/web.ifac.edu.br\/reitora\/wp-content\/uploads\/sites\/30\/2017\/09\/emendas_parlamentares-3.jpeg\" alt=\"\" width=\"228\" height=\"304\" \/>\u00a0<img loading=\"lazy\" decoding=\"async\" class=\"wp-image-3755 alignnone\" src=\"http:\/\/web.ifac.edu.br\/reitora\/wp-content\/uploads\/sites\/30\/2017\/09\/emendas_parlamentares-4.jpeg\" alt=\"\" width=\"404\" height=\"303\" \/><\/p>\n<p><img loading=\"lazy\" decoding=\"async\" class=\" wp-image-3758 alignleft\" src=\"http:\/\/web.ifac.edu.br\/reitora\/wp-content\/uploads\/sites\/30\/2017\/09\/emendas_parlamentares-7.jpeg\" alt=\"\" width=\"285\" height=\"214\" \/><\/p>\n<p style=\"text-align: justify\">Gra\u00e7as a este trabalho insistente e a sensibilidade dos parlamentares em rela\u00e7\u00e3o \u00e0 educa\u00e7\u00e3o no Acre, consegui R$ 2,1 milh\u00f5es em emendas parlamentares para o ano de 2018. O recurso ser\u00e1 destinado a melhorias f\u00edsicas e compra de itens para as \u00e1reas de pesquisa, ensino e extens\u00e3o.<\/p>\n<p style=\"text-align: justify\">Quero aqui agradecer aos deputados federais\u00a0C\u00e9sar Messias, Wherles Rocha, Raimundo Angelim, J\u00e9ssica Sales, L\u00e9o de Brito, Alan Rick e o senador Jorge Viana, que al\u00e9m de destinarem os recursos para o Ifac, tamb\u00e9m participaram das discuss\u00f5es realizadas durante audi\u00eancia p\u00fablica e defenderam o Instituto Federal do Acre.<\/p>\n<p style=\"text-align: justify\">Para saber um pouco mais sobre as emendas parlamentares, \u00e9 s\u00f3 clicar no link <strong><a href=\"https:\/\/goo.gl\/fszKhk\">https:\/\/goo.gl\/fszKhk<\/a> <\/strong>e conferir o material no Portal Ifac.<\/p>\n<p><img loading=\"lazy\" decoding=\"async\" class=\" wp-image-3756 alignnone\" src=\"http:\/\/web.ifac.edu.br\/reitora\/wp-content\/uploads\/sites\/30\/2017\/09\/emendas_parlamentares-5.jpeg\" alt=\"\" width=\"262\" height=\"197\" \/>\u00a0<img loading=\"lazy\" decoding=\"async\" class=\"wp-image-3757 alignnone\" src=\"http:\/\/web.ifac.edu.br\/reitora\/wp-content\/uploads\/sites\/30\/2017\/09\/emendas_parlamentares-6.jpeg\" alt=\"\" width=\"349\" height=\"196\" \/><\/p>\n","protected":false},"excerpt":{"rendered":"<p>O post de hoje \u00e9 um pouco extenso, pois as vezes \u00e9 preciso escrever um pouco mais para relatar toda uma situa\u00e7\u00e3o. O Ifac, devido aos cortes e contingenciamento de recursos promovidos pelo Governo Federal, tem trabalhado no limite, mas n\u00e3o deixando de lado o seu principal objetivo: uma boa educa\u00e7\u00e3o aos alunos. \u00a0 Devido [&hellip;]<\/p>\n","protected":false},"author":16,"featured_media":0,"comment_status":"closed","ping_status":"open","sticky":false,"template":"","format":"standard","meta":{"footnotes":""},"categories":[2],"tags":[],"class_list":["post-3750","post","type-post","status-publish","format-standard","hentry","category-noticias"],"_links":{"self":[{"href":"https:\/\/web.ifac.edu.br\/reitora\/wp-json\/wp\/v2\/posts\/3750","targetHints":{"allow":["GET"]}}],"collection":[{"href":"https:\/\/web.ifac.edu.br\/reitora\/wp-json\/wp\/v2\/posts"}],"about":[{"href":"https:\/\/web.ifac.edu.br\/reitora\/wp-json\/wp\/v2\/types\/post"}],"author":[{"embeddable":true,"href":"https:\/\/web.ifac.edu.br\/reitora\/wp-json\/wp\/v2\/users\/16"}],"replies":[{"embeddable":true,"href":"https:\/\/web.ifac.edu.br\/reitora\/wp-json\/wp\/v2\/comments?post=3750"}],"version-history":[{"count":0,"href":"https:\/\/web.ifac.edu.br\/reitora\/wp-json\/wp\/v2\/posts\/3750\/revisions"}],"wp:attachment":[{"href":"https:\/\/web.ifac.edu.br\/reitora\/wp-json\/wp\/v2\/media?parent=3750"}],"wp:term":[{"taxonomy":"category","embeddable":true,"href":"https:\/\/web.ifac.edu.br\/reitora\/wp-json\/wp\/v2\/categories?post=3750"},{"taxonomy":"post_tag","embeddable":true,"href":"https:\/\/web.ifac.edu.br\/reitora\/wp-json\/wp\/v2\/tags?post=3750"}],"curies":[{"name":"wp","href":"https:\/\/api.w.org\/{rel}","templated":true}]}}